{"id":10402,"date":"2019-02-26T14:00:50","date_gmt":"2019-02-26T13:00:50","guid":{"rendered":"https:\/\/home.graf-rasso-gymnasium.de\/home\/?p=10402"},"modified":"2019-09-08T11:09:03","modified_gmt":"2019-09-08T09:09:03","slug":"informatik-biber-wettbewerb-2018-preisverleihung","status":"publish","type":"post","link":"https:\/\/home.graf-rasso-gymnasium.de\/home\/2019\/02\/informatik-biber-wettbewerb-2018-preisverleihung\/","title":{"rendered":"Informatik-Biber Wettbewerb 2018: Preisverleihung"},"content":{"rendered":"\n<p>\u201eWer geht mit wem in ein Zimmer? 5 M\u00e4dchen fahren zusammen\nin eine Jugendherberge und sollen sich auf drei Zimmer verteilen. Schwierig\nnur, dass jede w\u00e4hlen kann, mit wem sie unbedingt zusammen sein will und mit\nwem \u00fcberhaupt nicht.\u201c <\/p>\n\n\n\n<p>Beim Informatik-Biber Wettbewerb im November 2018 galt es\nAufgaben wie diese zu l\u00f6sen &#8211; je nach Klasse in verschiedenen\nSchwierigkeitsstufen. <\/p>\n\n\n\n<p>Bundesweit haben dieses Jahr mehr als 370.000\nSch\u00fcler und Sch\u00fclerinnen teilgenommen. Tr\u00e4ger des Informatik-Bibers sind die Gesellschaft f\u00fcr\nInformatik e.V. (GI), der Fraunhofer-Verbund IUK-Technologie und das\nMax-Planck-Institut f\u00fcr Informatik; gef\u00f6rdert wird er vom Bundesministerium f\u00fcr\nBildung und Forschung. <br \/>\nHier ein Link zum Informatik-Biber: <a href=\"https:\/\/www.bwinf.de\/biber\/\">https:\/\/www.bwinf.de\/biber\/<\/a> <\/p>\n\n\n\n<p>Am GRG haben sich 344 Sch\u00fcler und Sch\u00fclerinnen aus den\nJahrgangsstufen 6.,7., 9.,10. und 11. den Aufgaben des Wettbewerbs gestellt.<\/p>\n\n\n\n<p>Dabei haben 15 Sch\u00fcler und Sch\u00fclerinnen einen ersten\nPreis und 17 Sch\u00fcler und Sch\u00fclerinnen einen 2. Preis erreicht.<\/p>\n\n\n\n<p>Am 26. Februar 2019 wurden nun die Preise von Frau\nH\u00fcbler den Preistr\u00e4gern \u00fcberreicht. <\/p>\n\n\n\n<p>Herzlichen Gl\u00fcckwunsch!<\/p>\n\n\n\n<div class=\"wp-block-image\"><figure class=\"aligncenter\"><img loading=\"lazy\" decoding=\"async\" width=\"1024\" height=\"768\" src=\"https:\/\/home.graf-rasso-gymnasium.de\/home\/files\/2018-19\/informatikbiber_2019-1024x768.jpg\" alt=\"\" class=\"wp-image-10405\" srcset=\"https:\/\/home.graf-rasso-gymnasium.de\/home\/files\/2018-19\/informatikbiber_2019-1024x768.jpg 1024w, https:\/\/home.graf-rasso-gymnasium.de\/home\/files\/2018-19\/informatikbiber_2019-300x225.jpg 300w, https:\/\/home.graf-rasso-gymnasium.de\/home\/files\/2018-19\/informatikbiber_2019-768x576.jpg 768w\" sizes=\"auto, (max-width: 1024px) 100vw, 1024px\" \/><\/figure><\/div>\n","protected":false},"excerpt":{"rendered":"<p>\u201eWer geht mit wem in ein Zimmer? 5 M\u00e4dchen fahren zusammen in eine Jugendherberge und sollen sich auf drei Zimmer verteilen. Schwierig nur, dass jede w\u00e4hlen kann, mit wem sie unbedingt zusammen sein will und mit wem \u00fcberhaupt nicht.\u201c Beim Informatik-Biber Wettbewerb im November 2018 galt es Aufgaben wie diese zu l\u00f6sen &#8211; je nach [&hellip;]<\/p>\n","protected":false},"author":2,"featured_media":10405,"comment_status":"closed","ping_status":"closed","sticky":false,"template":"","format":"standard","meta":{"footnotes":""},"categories":[17,231],"tags":[199],"class_list":["post-10402","post","type-post","status-publish","format-standard","has-post-thumbnail","hentry","category-informatik","category-2018-2019","tag-informatik"],"_links":{"self":[{"href":"https:\/\/home.graf-rasso-gymnasium.de\/home\/wp-json\/wp\/v2\/posts\/10402","targetHints":{"allow":["GET"]}}],"collection":[{"href":"https:\/\/home.graf-rasso-gymnasium.de\/home\/wp-json\/wp\/v2\/posts"}],"about":[{"href":"https:\/\/home.graf-rasso-gymnasium.de\/home\/wp-json\/wp\/v2\/types\/post"}],"author":[{"embeddable":true,"href":"https:\/\/home.graf-rasso-gymnasium.de\/home\/wp-json\/wp\/v2\/users\/2"}],"replies":[{"embeddable":true,"href":"https:\/\/home.graf-rasso-gymnasium.de\/home\/wp-json\/wp\/v2\/comments?post=10402"}],"version-history":[{"count":3,"href":"https:\/\/home.graf-rasso-gymnasium.de\/home\/wp-json\/wp\/v2\/posts\/10402\/revisions"}],"predecessor-version":[{"id":10406,"href":"https:\/\/home.graf-rasso-gymnasium.de\/home\/wp-json\/wp\/v2\/posts\/10402\/revisions\/10406"}],"wp:featuredmedia":[{"embeddable":true,"href":"https:\/\/home.graf-rasso-gymnasium.de\/home\/wp-json\/wp\/v2\/media\/10405"}],"wp:attachment":[{"href":"https:\/\/home.graf-rasso-gymnasium.de\/home\/wp-json\/wp\/v2\/media?parent=10402"}],"wp:term":[{"taxonomy":"category","embeddable":true,"href":"https:\/\/home.graf-rasso-gymnasium.de\/home\/wp-json\/wp\/v2\/categories?post=10402"},{"taxonomy":"post_tag","embeddable":true,"href":"https:\/\/home.graf-rasso-gymnasium.de\/home\/wp-json\/wp\/v2\/tags?post=10402"}],"curies":[{"name":"wp","href":"https:\/\/api.w.org\/{rel}","templated":true}]}}