{"id":12189,"date":"2020-09-01T11:41:36","date_gmt":"2020-09-01T09:41:36","guid":{"rendered":"https:\/\/home.graf-rasso-gymnasium.de\/home\/?p=12189"},"modified":"2020-10-28T17:58:54","modified_gmt":"2020-10-28T16:58:54","slug":"erster-schultag","status":"publish","type":"post","link":"https:\/\/home.graf-rasso-gymnasium.de\/home\/2020\/09\/erster-schultag\/","title":{"rendered":"Termine in der ersten Schulwoche"},"content":{"rendered":"\n<p>Liebe Sch\u00fcler und Sch\u00fclerinnen der <strong>5. Jahrgangsstufe, <\/strong>liebe Eltern, hier <a href=\"https:\/\/home.graf-rasso-gymnasium.de\/home\/wichtig-schuljahresanfang-2020-21\/\">gibt es zus\u00e4tzliche Informationen<\/a> zum ersten Schultag am Graf-Rasso-Gymnasium.<\/p>\n\n\n\n<hr class=\"wp-block-separator\"\/>\n\n\n\n<h2 class=\"wp-block-heading\"><strong>Dienstag, 8. September 2020<\/strong><\/h2>\n\n\n\n<p><strong>5. Klassen<\/strong><\/p>\n\n\n\n<ul class=\"wp-block-list\"><li><a href=\"https:\/\/home.graf-rasso-gymnasium.de\/home\/wichtig-schuljahresanfang-2020-21\/\">8:15 Uhr: Begr\u00fc\u00dfung im Pausenbereich, dann Klassenleiterunterricht<\/a><\/li><li>11:15 Uhr: Unterrichtsende<\/li><\/ul>\n\n\n\n<p><strong>Jahrgangsstufe 6 \u2013 10<\/strong><\/p>\n\n\n\n<ul class=\"wp-block-list\"><li>7:55 \u2013 10:30 Uhr: Klassenleiterunterricht<\/li><li>10:30 \u2013 11:15 Uhr: Unterricht nach Stundenplan<\/li><li>1. Pause: Treffen der Tutorinnen und Tutoren der 5. Klassen in B.1.12<\/li><\/ul>\n\n\n\n<p><strong>Q11<\/strong><\/p>\n\n\n\n<ul class=\"wp-block-list\"><li>9:00 \u2013 10:00 Uhr: Versammlungszeit in der Aula<\/li><li>anschlie\u00dfend: B\u00fccherausgabe<\/li><\/ul>\n\n\n\n<p><strong>Q12<\/strong><\/p>\n\n\n\n<ul class=\"wp-block-list\"><li>10:45 \u2013 11:30 Uhr: Versammlungszeit in der Aula<\/li><\/ul>\n\n\n\n<hr class=\"wp-block-separator\"\/>\n\n\n\n<h2 class=\"wp-block-heading\"><strong>Mittwoch, 9. September 2020<\/strong><\/h2>\n\n\n\n<ul class=\"wp-block-list\"><li>vormittags: <strong>Unterricht nach Stundenplan f\u00fcr alle Klassen und Kurse<\/strong><\/li><li>13:00 Uhr: Beginn der offenen Ganztagsschule<\/li><li><strong>B\u00fcchertausch:<\/strong><ul><li>1.\/2. Stunde: 10. Klassen<\/li><li>3.\/4. Stunde: 9. Klassen (bitte B\u00fccher der 8. Klasse nicht mitbringen!)<\/li><li>5.\/6. Stunde: 8. Klassen<\/li><\/ul><\/li><\/ul>\n\n\n\n<hr class=\"wp-block-separator\"\/>\n\n\n\n<h2 class=\"wp-block-heading\"><strong>Donnerstag, 10. September 2020<\/strong><\/h2>\n\n\n\n<ul class=\"wp-block-list\"><li>vormittags: <strong>Unterricht nach Stundenplan f\u00fcr alle Klassen und Kurse<\/strong><\/li><li><strong>B\u00fcchertausch:<\/strong><ul><li>1.\/2. Stunde: 7. Klassen<\/li><li>3.\/4. Stunde: 6. Klassen<\/li><li>5.\/6. Stunde: 5. Klassen<\/li><\/ul><\/li><\/ul>\n\n\n\n<hr class=\"wp-block-separator\"\/>\n\n\n\n<p class=\"has-pale-cyan-blue-background-color has-background\"><strong>Bitte beachten:<br \/>In den ersten beiden Schulwochen herrscht f\u00fcr alle Maskenpflicht auf dem gesamten Schulgel\u00e4nde!<br \/>Der Nachmittagsunterricht beginnt ab dem 14. September 2020!<\/strong><\/p>\n\n\n\n<p><\/p>\n","protected":false},"excerpt":{"rendered":"<p>Liebe Sch\u00fcler und Sch\u00fclerinnen der 5. Jahrgangsstufe, liebe Eltern, hier gibt es zus\u00e4tzliche Informationen zum ersten Schultag am Graf-Rasso-Gymnasium. Dienstag, 8. September 2020 5. Klassen 8:15 Uhr: Begr\u00fc\u00dfung im Pausenbereich, dann Klassenleiterunterricht 11:15 Uhr: Unterrichtsende Jahrgangsstufe 6 \u2013 10 7:55 \u2013 10:30 Uhr: Klassenleiterunterricht 10:30 \u2013 11:15 Uhr: Unterricht nach Stundenplan 1. Pause: Treffen der [&hellip;]<\/p>\n","protected":false},"author":2,"featured_media":0,"comment_status":"closed","ping_status":"closed","sticky":false,"template":"","format":"standard","meta":{"footnotes":""},"categories":[250],"tags":[],"class_list":["post-12189","post","type-post","status-publish","format-standard","hentry","category-2020-2021"],"_links":{"self":[{"href":"https:\/\/home.graf-rasso-gymnasium.de\/home\/wp-json\/wp\/v2\/posts\/12189","targetHints":{"allow":["GET"]}}],"collection":[{"href":"https:\/\/home.graf-rasso-gymnasium.de\/home\/wp-json\/wp\/v2\/posts"}],"about":[{"href":"https:\/\/home.graf-rasso-gymnasium.de\/home\/wp-json\/wp\/v2\/types\/post"}],"author":[{"embeddable":true,"href":"https:\/\/home.graf-rasso-gymnasium.de\/home\/wp-json\/wp\/v2\/users\/2"}],"replies":[{"embeddable":true,"href":"https:\/\/home.graf-rasso-gymnasium.de\/home\/wp-json\/wp\/v2\/comments?post=12189"}],"version-history":[{"count":22,"href":"https:\/\/home.graf-rasso-gymnasium.de\/home\/wp-json\/wp\/v2\/posts\/12189\/revisions"}],"predecessor-version":[{"id":12238,"href":"https:\/\/home.graf-rasso-gymnasium.de\/home\/wp-json\/wp\/v2\/posts\/12189\/revisions\/12238"}],"wp:attachment":[{"href":"https:\/\/home.graf-rasso-gymnasium.de\/home\/wp-json\/wp\/v2\/media?parent=12189"}],"wp:term":[{"taxonomy":"category","embeddable":true,"href":"https:\/\/home.graf-rasso-gymnasium.de\/home\/wp-json\/wp\/v2\/categories?post=12189"},{"taxonomy":"post_tag","embeddable":true,"href":"https:\/\/home.graf-rasso-gymnasium.de\/home\/wp-json\/wp\/v2\/tags?post=12189"}],"curies":[{"name":"wp","href":"https:\/\/api.w.org\/{rel}","templated":true}]}}