{"id":14708,"date":"2022-10-22T20:19:20","date_gmt":"2022-10-22T18:19:20","guid":{"rendered":"https:\/\/home.graf-rasso-gymnasium.de\/home\/?p=14708"},"modified":"2022-11-03T18:28:25","modified_gmt":"2022-11-03T17:28:25","slug":"der-herbst-ist-bunt","status":"publish","type":"post","link":"https:\/\/home.graf-rasso-gymnasium.de\/home\/2022\/10\/der-herbst-ist-bunt\/","title":{"rendered":"Der Herbst ist bunt"},"content":{"rendered":"\n<p>Nicht nur drau\u00dfen in der Natur f\u00e4rbt sich das Laub in den verschiedensten Farben, auch unsere Gesellschaft wird sichtbar immer bunter und vielf\u00e4ltiger. Das Interesse vieler Sch\u00fclerinnen und Sch\u00fcler am Thema Diversit\u00e4t ist auch am GRG schon l\u00e4nger sp\u00fcrbar. Die Sch\u00fclerleseb\u00fccherei m\u00f6chte auf diese Entwicklung reagieren und ein abwechslungsreiches Leseangebot machen, das sowohl informiert als auch unterh\u00e4lt und nebenbei bestimmt die eine oder andere Frage beantworten kann. In unserer neuen Regenbogen-Abteilung, die Sachb\u00fccher, Romane, Comics und englischsprachige Literatur enth\u00e4lt, k\u00f6nnen nach den Herbstferien B\u00fccher entliehen werden, in denen Aspekte wie sexuelle und kulturelle Vielfalt, Umgang mit Rassismus und verschiedenen Weltanschauungen speziell f\u00fcr jugendliche Leser und Leserinnen thematisiert werden. Wir hoffen, mit diesem Angebot besonders f\u00fcr unsere Mittel- und Oberstufensch\u00fclerInnen Leseanreize zu schaffen.<\/p>\n\n\n\n<figure class=\"wp-block-gallery has-nested-images columns-default is-cropped wp-block-gallery-1 is-layout-flex wp-block-gallery-is-layout-flex\">\n<figure class=\"wp-block-image size-full\"><img loading=\"lazy\" decoding=\"async\" width=\"494\" height=\"700\" data-id=\"14710\" src=\"https:\/\/home.graf-rasso-gymnasium.de\/home\/files\/2021-22\/Plakat-bunte-Buecher.png\" alt=\"\" class=\"wp-image-14710\" srcset=\"https:\/\/home.graf-rasso-gymnasium.de\/home\/files\/2021-22\/Plakat-bunte-Buecher.png 494w, https:\/\/home.graf-rasso-gymnasium.de\/home\/files\/2021-22\/Plakat-bunte-Buecher-212x300.png 212w, https:\/\/home.graf-rasso-gymnasium.de\/home\/files\/2021-22\/Plakat-bunte-Buecher-723x1024.png 723w, https:\/\/home.graf-rasso-gymnasium.de\/home\/files\/2021-22\/Plakat-bunte-Buecher-768x1088.png 768w\" sizes=\"auto, (max-width: 494px) 100vw, 494px\" \/><\/figure>\n\n\n\n<figure class=\"wp-block-image size-full\"><img loading=\"lazy\" decoding=\"async\" width=\"525\" height=\"700\" data-id=\"14711\" src=\"https:\/\/home.graf-rasso-gymnasium.de\/home\/files\/2021-22\/Bibliothek-Regal-1-scaled.jpeg\" alt=\"\" class=\"wp-image-14711\" srcset=\"https:\/\/home.graf-rasso-gymnasium.de\/home\/files\/2021-22\/Bibliothek-Regal-1-scaled.jpeg 525w, https:\/\/home.graf-rasso-gymnasium.de\/home\/files\/2021-22\/Bibliothek-Regal-1-225x300.jpeg 225w, https:\/\/home.graf-rasso-gymnasium.de\/home\/files\/2021-22\/Bibliothek-Regal-1-768x1024.jpeg 768w, https:\/\/home.graf-rasso-gymnasium.de\/home\/files\/2021-22\/Bibliothek-Regal-1-1152x1536.jpeg 1152w, https:\/\/home.graf-rasso-gymnasium.de\/home\/files\/2021-22\/Bibliothek-Regal-1-1536x2048.jpeg 1536w\" sizes=\"auto, (max-width: 525px) 100vw, 525px\" \/><\/figure>\n<\/figure>\n\n\n\n<p>Lasst uns miteinander lesen f\u00fcr mehr Bewusstsein, Toleranz und Wertsch\u00e4tzung!<\/p>\n\n\n\n<p><em>Susanne Gerlich und Kathrin Diederichs<\/em><\/p>\n","protected":false},"excerpt":{"rendered":"<p>Nicht nur drau\u00dfen in der Natur f\u00e4rbt sich das Laub in den verschiedensten Farben, auch unsere Gesellschaft wird sichtbar immer bunter und vielf\u00e4ltiger. Das Interesse vieler Sch\u00fclerinnen und Sch\u00fcler am Thema Diversit\u00e4t ist auch am GRG schon l\u00e4nger sp\u00fcrbar. Die Sch\u00fclerleseb\u00fccherei m\u00f6chte auf diese Entwicklung reagieren und ein abwechslungsreiches Leseangebot machen, das sowohl informiert als [&hellip;]<\/p>\n","protected":false},"author":18,"featured_media":14710,"comment_status":"closed","ping_status":"closed","sticky":false,"template":"","format":"standard","meta":{"footnotes":""},"categories":[60,266],"tags":[],"class_list":["post-14708","post","type-post","status-publish","format-standard","has-post-thumbnail","hentry","category-deutsch-lesefoerderung","category-schuljahr-2022-2023"],"_links":{"self":[{"href":"https:\/\/home.graf-rasso-gymnasium.de\/home\/wp-json\/wp\/v2\/posts\/14708","targetHints":{"allow":["GET"]}}],"collection":[{"href":"https:\/\/home.graf-rasso-gymnasium.de\/home\/wp-json\/wp\/v2\/posts"}],"about":[{"href":"https:\/\/home.graf-rasso-gymnasium.de\/home\/wp-json\/wp\/v2\/types\/post"}],"author":[{"embeddable":true,"href":"https:\/\/home.graf-rasso-gymnasium.de\/home\/wp-json\/wp\/v2\/users\/18"}],"replies":[{"embeddable":true,"href":"https:\/\/home.graf-rasso-gymnasium.de\/home\/wp-json\/wp\/v2\/comments?post=14708"}],"version-history":[{"count":1,"href":"https:\/\/home.graf-rasso-gymnasium.de\/home\/wp-json\/wp\/v2\/posts\/14708\/revisions"}],"predecessor-version":[{"id":14712,"href":"https:\/\/home.graf-rasso-gymnasium.de\/home\/wp-json\/wp\/v2\/posts\/14708\/revisions\/14712"}],"wp:featuredmedia":[{"embeddable":true,"href":"https:\/\/home.graf-rasso-gymnasium.de\/home\/wp-json\/wp\/v2\/media\/14710"}],"wp:attachment":[{"href":"https:\/\/home.graf-rasso-gymnasium.de\/home\/wp-json\/wp\/v2\/media?parent=14708"}],"wp:term":[{"taxonomy":"category","embeddable":true,"href":"https:\/\/home.graf-rasso-gymnasium.de\/home\/wp-json\/wp\/v2\/categories?post=14708"},{"taxonomy":"post_tag","embeddable":true,"href":"https:\/\/home.graf-rasso-gymnasium.de\/home\/wp-json\/wp\/v2\/tags?post=14708"}],"curies":[{"name":"wp","href":"https:\/\/api.w.org\/{rel}","templated":true}]}}