{"id":14880,"date":"2022-11-12T18:54:27","date_gmt":"2022-11-12T17:54:27","guid":{"rendered":"https:\/\/home.graf-rasso-gymnasium.de\/home\/?p=14880"},"modified":"2022-12-16T19:31:23","modified_gmt":"2022-12-16T18:31:23","slug":"halloween-am-grg","status":"publish","type":"post","link":"https:\/\/home.graf-rasso-gymnasium.de\/home\/2022\/11\/halloween-am-grg\/","title":{"rendered":"Halloween am GRG"},"content":{"rendered":"\n<p>Schule kann Vieles: sie kann soziales Miteinander erm\u00f6glichen, Wissen vermitteln, Interessen hervorrufen und Talente f\u00f6rdern. Und sie kann auch noch etwas ganz anderes: Spa\u00df machen!!! <\/p>\n\n\n\n<p>An Tagen wie dem Donnerstag vor den Ferien (26.11.22) ist das ganz besonders sp\u00fcrbar: gelbe, orange und rote B\u00e4nder h\u00e4ngen von der Empore, die Gel\u00e4nder sind mit Spinnweben und Krabbeltieren dekoriert, kunstvoll geschnitzte K\u00fcrbisse schm\u00fccken B\u00fchne und Verkaufstische und das Schulskelett Hugo steht zum Fotoshooting bereit. Wer das GRG betritt, dem wird schon in der Aula klar: heute wird Halloween gefeiert. Und sp\u00e4testens in der Pause, als Geister, Vampire, Wahrsagerinnen, Mumien und Skelette die Aula f\u00fcllen, um die extrem leckeren, wenn auch durch Lebensmittelfarbe gew\u00f6hnungsbed\u00fcrftig gef\u00e4rbten Cocktails der SMV (Blutiger Baron, Hexengift und Geisterkotze) zu verkosten, schwappt die positive Stimmung \u00fcber. <\/p>\n\n\n\n<figure class=\"wp-block-image size-full\"><img loading=\"lazy\" decoding=\"async\" width=\"700\" height=\"467\" src=\"https:\/\/home.graf-rasso-gymnasium.de\/home\/files\/2021-22\/Cocktailverkauf.jpg\" alt=\"\" class=\"wp-image-14882\" srcset=\"https:\/\/home.graf-rasso-gymnasium.de\/home\/files\/2021-22\/Cocktailverkauf.jpg 700w, https:\/\/home.graf-rasso-gymnasium.de\/home\/files\/2021-22\/Cocktailverkauf-300x200.jpg 300w\" sizes=\"auto, (max-width: 700px) 100vw, 700px\" \/><figcaption class=\"wp-element-caption\">Gruseliges Treiben in der Aula<\/figcaption><\/figure>\n\n\n\n<p>Besondere Aufmerksamkeit bekommen die drei pr\u00e4mierten K\u00fcrbisse des Schnitzwettbewerbs, und als zum Kost\u00fcmwettbewerb auf die B\u00fchne gebeten wird, sind selbst wir SMVler \u00fcberrascht, wie viele gekommen sind um teilzunehmen.<\/p>\n\n\n\n<figure class=\"wp-block-image size-full\"><img loading=\"lazy\" decoding=\"async\" width=\"700\" height=\"417\" src=\"https:\/\/home.graf-rasso-gymnasium.de\/home\/files\/2021-22\/Kostuemwettbewerb.jpg\" alt=\"\" class=\"wp-image-14905\" srcset=\"https:\/\/home.graf-rasso-gymnasium.de\/home\/files\/2021-22\/Kostuemwettbewerb.jpg 700w, https:\/\/home.graf-rasso-gymnasium.de\/home\/files\/2021-22\/Kostuemwettbewerb-300x179.jpg 300w\" sizes=\"auto, (max-width: 700px) 100vw, 700px\" \/><figcaption class=\"wp-element-caption\">Der spannende Kost\u00fcmwettbewerb&#8230;<\/figcaption><\/figure>\n\n\n\n<figure class=\"wp-block-image size-full\"><img loading=\"lazy\" decoding=\"async\" width=\"700\" height=\"446\" src=\"https:\/\/home.graf-rasso-gymnasium.de\/home\/files\/2021-22\/Sieger-Kuerbiswettbewerb.jpg\" alt=\"\" class=\"wp-image-14906\" srcset=\"https:\/\/home.graf-rasso-gymnasium.de\/home\/files\/2021-22\/Sieger-Kuerbiswettbewerb.jpg 700w, https:\/\/home.graf-rasso-gymnasium.de\/home\/files\/2021-22\/Sieger-Kuerbiswettbewerb-300x191.jpg 300w\" sizes=\"auto, (max-width: 700px) 100vw, 700px\" \/><figcaption class=\"wp-element-caption\">&#8230; und die Sieger des Kost\u00fcmwettbewerbs<\/figcaption><\/figure>\n\n\n\n<figure class=\"wp-block-image size-full\"><img loading=\"lazy\" decoding=\"async\" width=\"700\" height=\"646\" src=\"https:\/\/home.graf-rasso-gymnasium.de\/home\/files\/2021-22\/Foto-mit-Hugo.jpg\" alt=\"\" class=\"wp-image-14881\" srcset=\"https:\/\/home.graf-rasso-gymnasium.de\/home\/files\/2021-22\/Foto-mit-Hugo.jpg 700w, https:\/\/home.graf-rasso-gymnasium.de\/home\/files\/2021-22\/Foto-mit-Hugo-300x277.jpg 300w\" sizes=\"auto, (max-width: 700px) 100vw, 700px\" \/><figcaption class=\"wp-element-caption\">Die Verbindungslehrer Nina Ostermeier und Ulrich Scheckenhofer mit Hugo<\/figcaption><\/figure>\n\n\n\n<p>Danke euch allen f\u00fcrs Mitmachen, f\u00fcr eure kreativen Verkleidungen selbst in den h\u00f6heren Jahrgangsstufen, eure Begeisterung bei den Wettbewerben und eure viele gute Laune. Durch eure Teilnahme wurde dieser Donnerstag zu einem besonderen Schultag der zeigt: <\/p>\n\n\n\n<p>Schule kann so Vieles: Wissen vermitteln und dabei ganz nebenbei auch noch Spa\u00df machen!<\/p>\n\n\n\n<p><em>Nina Ostermeier, Verbindungslehrerin<\/em><\/p>\n","protected":false},"excerpt":{"rendered":"<p>Schule kann Vieles: sie kann soziales Miteinander erm\u00f6glichen, Wissen vermitteln, Interessen hervorrufen und Talente f\u00f6rdern. Und sie kann auch noch etwas ganz anderes: Spa\u00df machen!!! An Tagen wie dem Donnerstag vor den Ferien (26.11.22) ist das ganz besonders sp\u00fcrbar: gelbe, orange und rote B\u00e4nder h\u00e4ngen von der Empore, die Gel\u00e4nder sind mit Spinnweben und Krabbeltieren [&hellip;]<\/p>\n","protected":false},"author":18,"featured_media":14881,"comment_status":"closed","ping_status":"closed","sticky":false,"template":"","format":"standard","meta":{"footnotes":""},"categories":[110,266,267],"tags":[],"class_list":["post-14880","post","type-post","status-publish","format-standard","has-post-thumbnail","hentry","category-startseite","category-schuljahr-2022-2023","category-smv"],"_links":{"self":[{"href":"https:\/\/home.graf-rasso-gymnasium.de\/home\/wp-json\/wp\/v2\/posts\/14880","targetHints":{"allow":["GET"]}}],"collection":[{"href":"https:\/\/home.graf-rasso-gymnasium.de\/home\/wp-json\/wp\/v2\/posts"}],"about":[{"href":"https:\/\/home.graf-rasso-gymnasium.de\/home\/wp-json\/wp\/v2\/types\/post"}],"author":[{"embeddable":true,"href":"https:\/\/home.graf-rasso-gymnasium.de\/home\/wp-json\/wp\/v2\/users\/18"}],"replies":[{"embeddable":true,"href":"https:\/\/home.graf-rasso-gymnasium.de\/home\/wp-json\/wp\/v2\/comments?post=14880"}],"version-history":[{"count":2,"href":"https:\/\/home.graf-rasso-gymnasium.de\/home\/wp-json\/wp\/v2\/posts\/14880\/revisions"}],"predecessor-version":[{"id":14907,"href":"https:\/\/home.graf-rasso-gymnasium.de\/home\/wp-json\/wp\/v2\/posts\/14880\/revisions\/14907"}],"wp:featuredmedia":[{"embeddable":true,"href":"https:\/\/home.graf-rasso-gymnasium.de\/home\/wp-json\/wp\/v2\/media\/14881"}],"wp:attachment":[{"href":"https:\/\/home.graf-rasso-gymnasium.de\/home\/wp-json\/wp\/v2\/media?parent=14880"}],"wp:term":[{"taxonomy":"category","embeddable":true,"href":"https:\/\/home.graf-rasso-gymnasium.de\/home\/wp-json\/wp\/v2\/categories?post=14880"},{"taxonomy":"post_tag","embeddable":true,"href":"https:\/\/home.graf-rasso-gymnasium.de\/home\/wp-json\/wp\/v2\/tags?post=14880"}],"curies":[{"name":"wp","href":"https:\/\/api.w.org\/{rel}","templated":true}]}}