{"id":16087,"date":"2023-07-23T14:34:38","date_gmt":"2023-07-23T12:34:38","guid":{"rendered":"https:\/\/home.graf-rasso-gymnasium.de\/home\/?p=16087"},"modified":"2023-11-10T17:22:31","modified_gmt":"2023-11-10T16:22:31","slug":"pernicies-mundi-non-est","status":"publish","type":"post","link":"https:\/\/home.graf-rasso-gymnasium.de\/home\/2023\/07\/pernicies-mundi-non-est\/","title":{"rendered":"\u201ePernicies mundi non est!\u201c"},"content":{"rendered":"\n<p>Unter diesem Titel \u2013 zu Deutsch \u201eDas ist kein Weltuntergang!\u201c &#8211; reichten in diesem Schuljahr die vier Sch\u00fclerinnen der Klassen 8b und 8e, Anna-Lena Lutz, Emilia Kremler, Gintare Riccobon und Delphine Reif, ihren zehnmin\u00fctigen Filmbeitrag beim Bundeswettbewerb Fremdsprachen ein.<\/p>\n\n\n\n<p>Der Videoclip, der in den Sprachen Englisch und Latein gestaltet wurde, befasst sich mit dem in der Antike wie auch heute hochaktuellen Thema \u201eGl\u00fcck\u201c: Callista, ein selbstverliebtes Einzelkind, dessen Eltern Lateinfreaks sind, gelangt bei einer Urlaubsreise am r\u00f6mischen Hadrianswall durch einen magischen Tunnel in das Antike Rom. Dort trifft das M\u00e4dchen auf die Philosophen Sokrates und Diogenes, die ihm helfen, die wahren und wichtigen Werte im Leben zu erkennen. So kann Callista schlie\u00dflich als gel\u00e4uterter Mensch in die heutige Zeit zur\u00fcckkehren.<\/p>\n\n\n\n<p>Der Perspektivenwechsel vom Hier und Jetzt in die r\u00f6mische und griechische Vergangenheit, die Zweisprachigkeit sowie eine echte F\u00fcrstenfeldbrucker Kulisse \u2013 erw\u00e4hnt sei nur die Schneelandschaft um den Silbersteg oder das verschneite Amphitheater auf dem Gel\u00e4nde des Graf-Rasso-Gymnasiums \u2013 machen den Kurzfilm so reizvoll und interessant. Nat\u00fcrlich war in der Vorarbeit eine geh\u00f6rige Menge an Spitzfindigkeit gefragt, verlangte doch das Verfassen des Drehbuches vertiefte Kenntnisse der lateinischen Grammatik und des Wortschatzes und die Umsetzung zum Film jede Menge Kreativit\u00e4t. Am Ende waren wir uns aber alle einig: das Projekt hat sich gelohnt und riesig Spa\u00df gemacht!<\/p>\n\n\n\n<figure class=\"wp-block-image size-large\"><a href=\"https:\/\/home.graf-rasso-gymnasium.de\/home\/files\/2022-23\/FS-Wettbewerb-Latein-scaled.jpg\"><img loading=\"lazy\" decoding=\"async\" width=\"1024\" height=\"722\" src=\"https:\/\/home.graf-rasso-gymnasium.de\/home\/files\/2022-23\/FS-Wettbewerb-Latein-1024x722.jpg\" alt=\"\" class=\"wp-image-16088\" srcset=\"https:\/\/home.graf-rasso-gymnasium.de\/home\/files\/2022-23\/FS-Wettbewerb-Latein-1024x722.jpg 1024w, https:\/\/home.graf-rasso-gymnasium.de\/home\/files\/2022-23\/FS-Wettbewerb-Latein-300x212.jpg 300w, https:\/\/home.graf-rasso-gymnasium.de\/home\/files\/2022-23\/FS-Wettbewerb-Latein-768x542.jpg 768w, https:\/\/home.graf-rasso-gymnasium.de\/home\/files\/2022-23\/FS-Wettbewerb-Latein-1536x1083.jpg 1536w, https:\/\/home.graf-rasso-gymnasium.de\/home\/files\/2022-23\/FS-Wettbewerb-Latein-2048x1444.jpg 2048w\" sizes=\"auto, (max-width: 1024px) 100vw, 1024px\" \/><\/a><figcaption class=\"wp-element-caption\">KODAK Digital Still Camera<\/figcaption><\/figure>\n\n\n\n<p>So lautete auch die Auszeichnung der Jury: eine sehr gute Leistung in allen Bereichen!<\/p>\n\n\n\n<p>Gratulamur!<\/p>\n\n\n\n<p><em>Kathrin Then-Ikas, Fachschaft Latein<\/em><\/p>\n","protected":false},"excerpt":{"rendered":"<p>Unter diesem Titel \u2013 zu Deutsch \u201eDas ist kein Weltuntergang!\u201c &#8211; reichten in diesem Schuljahr die vier Sch\u00fclerinnen der Klassen 8b und 8e, Anna-Lena Lutz, Emilia Kremler, Gintare Riccobon und Delphine Reif, ihren zehnmin\u00fctigen Filmbeitrag beim Bundeswettbewerb Fremdsprachen ein. Der Videoclip, der in den Sprachen Englisch und Latein gestaltet wurde, befasst sich mit dem in [&hellip;]<\/p>\n","protected":false},"author":18,"featured_media":16088,"comment_status":"closed","ping_status":"closed","sticky":false,"template":"","format":"standard","meta":{"footnotes":""},"categories":[225,266],"tags":[],"class_list":["post-16087","post","type-post","status-publish","format-standard","has-post-thumbnail","hentry","category-latein-schueler-kreativ","category-schuljahr-2022-2023"],"_links":{"self":[{"href":"https:\/\/home.graf-rasso-gymnasium.de\/home\/wp-json\/wp\/v2\/posts\/16087","targetHints":{"allow":["GET"]}}],"collection":[{"href":"https:\/\/home.graf-rasso-gymnasium.de\/home\/wp-json\/wp\/v2\/posts"}],"about":[{"href":"https:\/\/home.graf-rasso-gymnasium.de\/home\/wp-json\/wp\/v2\/types\/post"}],"author":[{"embeddable":true,"href":"https:\/\/home.graf-rasso-gymnasium.de\/home\/wp-json\/wp\/v2\/users\/18"}],"replies":[{"embeddable":true,"href":"https:\/\/home.graf-rasso-gymnasium.de\/home\/wp-json\/wp\/v2\/comments?post=16087"}],"version-history":[{"count":1,"href":"https:\/\/home.graf-rasso-gymnasium.de\/home\/wp-json\/wp\/v2\/posts\/16087\/revisions"}],"predecessor-version":[{"id":16089,"href":"https:\/\/home.graf-rasso-gymnasium.de\/home\/wp-json\/wp\/v2\/posts\/16087\/revisions\/16089"}],"wp:featuredmedia":[{"embeddable":true,"href":"https:\/\/home.graf-rasso-gymnasium.de\/home\/wp-json\/wp\/v2\/media\/16088"}],"wp:attachment":[{"href":"https:\/\/home.graf-rasso-gymnasium.de\/home\/wp-json\/wp\/v2\/media?parent=16087"}],"wp:term":[{"taxonomy":"category","embeddable":true,"href":"https:\/\/home.graf-rasso-gymnasium.de\/home\/wp-json\/wp\/v2\/categories?post=16087"},{"taxonomy":"post_tag","embeddable":true,"href":"https:\/\/home.graf-rasso-gymnasium.de\/home\/wp-json\/wp\/v2\/tags?post=16087"}],"curies":[{"name":"wp","href":"https:\/\/api.w.org\/{rel}","templated":true}]}}