{"id":16745,"date":"2024-01-22T12:35:46","date_gmt":"2024-01-22T11:35:46","guid":{"rendered":"https:\/\/home.graf-rasso-gymnasium.de\/home\/?p=16745"},"modified":"2024-01-22T12:36:13","modified_gmt":"2024-01-22T11:36:13","slug":"quis-interfector-est-cluedo-der-10b-fuer-die-9b","status":"publish","type":"post","link":"https:\/\/home.graf-rasso-gymnasium.de\/home\/2024\/01\/quis-interfector-est-cluedo-der-10b-fuer-die-9b\/","title":{"rendered":"Quis interfector est? Cluedo der 10b f\u00fcr die 9b"},"content":{"rendered":"\n<p>Die r\u00e4tselhafte Ermordung eines aufstrebenden Senators schl\u00e4gt hohe Wellen. Wer k\u00f6nnte der M\u00f6rder oder die M\u00f6rderin sein? Die gesamte r\u00f6mische <em>familia<\/em> des Opfers und weitere Bekannte sind suspekt. Nun gilt es, die Verd\u00e4chtigen zu befragen und Zusammenh\u00e4nge herzustellen. Welche Rolle spielen die zwei r\u00e4tselhaften <em>dominae<\/em> der <em>familia<\/em>? Was ist mit dem <em>pater<\/em> oder dem <em>frater<\/em>? Und dann gibt es auch noch den befreundeten Kollegen aus dem Senat. Oder war es doch der <em>servus<\/em>? Und welches Motiv k\u00f6nnte der T\u00e4ter oder die T\u00e4terin gehabt haben? Schwierig, wenn die Verd\u00e4chtigen nicht mit der Sprache herausr\u00fccken wollen, sich selbst widersprechen und gegenseitig beschuldigen. Zum Gl\u00fcck k\u00f6nnen unsere Ermittler Latein und kennen sich mit den Strukturen der r\u00f6mischen Gesellschaft aus, um die Beweisdokumente und die Aussagen sinnvoll einordnen zu k\u00f6nnen. Sie m\u00fcssen die Verd\u00e4chtigen nun in Gruppen befragen und den Fall l\u00f6sen. Aber wird es ihnen gelingen, den M\u00f6rder oder die M\u00f6rderin zu stellen?<\/p>\n\n\n\n<figure class=\"wp-block-image aligncenter size-large\"><a href=\"https:\/\/home.graf-rasso-gymnasium.de\/home\/files\/2024\/01\/2023-24\/Bild-Beweis.jpg\" target=\"_blank\" rel=\"noreferrer noopener\"><img loading=\"lazy\" decoding=\"async\" width=\"1024\" height=\"745\" src=\"https:\/\/home.graf-rasso-gymnasium.de\/home\/files\/2024\/01\/2023-24\/Bild-Beweis-1024x745.jpg\" alt=\"\" class=\"wp-image-16746\" srcset=\"https:\/\/home.graf-rasso-gymnasium.de\/home\/files\/2024\/01\/2023-24\/Bild-Beweis-1024x745.jpg 1024w, https:\/\/home.graf-rasso-gymnasium.de\/home\/files\/2024\/01\/2023-24\/Bild-Beweis-300x218.jpg 300w, https:\/\/home.graf-rasso-gymnasium.de\/home\/files\/2024\/01\/2023-24\/Bild-Beweis-768x559.jpg 768w, https:\/\/home.graf-rasso-gymnasium.de\/home\/files\/2024\/01\/2023-24\/Bild-Beweis-1536x1118.jpg 1536w, https:\/\/home.graf-rasso-gymnasium.de\/home\/files\/2024\/01\/2023-24\/Bild-Beweis.jpg 1918w\" sizes=\"auto, (max-width: 1024px) 100vw, 1024px\" \/><\/a><figcaption class=\"wp-element-caption\"><strong>Ein Beweisst\u00fcck<\/strong><\/figcaption><\/figure>\n\n\n\n<p>P.S.: Gl\u00fcckw\u00fcnsche gehen an die Klasse 9b, die sich bei diesem Kriminalspiel hervorragend geschlagen hat. Vor allem aber ein herzliches Dankesch\u00f6n an die 10b, die dieses spannende Projekt f\u00fcr die Ermittler der 9b erstellt, geplant und mit beeindruckender Schauspielleistung gespielt hat. Und vielleicht wird die neue Sommermode die r\u00f6mische Toga? Den Verd\u00e4chtigen aus der 10b stand sie jedenfalls hervorragend! ;)<\/p>\n\n\n\n<p><em>Veronika Sch\u00f6tz f\u00fcr die Fachschaft Latein<\/em><\/p>\n","protected":false},"excerpt":{"rendered":"<p>Die r\u00e4tselhafte Ermordung eines aufstrebenden Senators schl\u00e4gt hohe Wellen. Wer k\u00f6nnte der M\u00f6rder oder die M\u00f6rderin sein? Die gesamte r\u00f6mische familia des Opfers und weitere Bekannte sind suspekt. Nun gilt es, die Verd\u00e4chtigen zu befragen und Zusammenh\u00e4nge herzustellen. Welche Rolle spielen die zwei r\u00e4tselhaften dominae der familia? Was ist mit dem pater oder dem frater? [&hellip;]<\/p>\n","protected":false},"author":18,"featured_media":16746,"comment_status":"closed","ping_status":"closed","sticky":false,"template":"","format":"standard","meta":{"footnotes":""},"categories":[110,225,274],"tags":[],"class_list":["post-16745","post","type-post","status-publish","format-standard","has-post-thumbnail","hentry","category-startseite","category-latein-schueler-kreativ","category-schuljahr-2023-24-aktuelles-aus-dem-schuljahr"],"_links":{"self":[{"href":"https:\/\/home.graf-rasso-gymnasium.de\/home\/wp-json\/wp\/v2\/posts\/16745","targetHints":{"allow":["GET"]}}],"collection":[{"href":"https:\/\/home.graf-rasso-gymnasium.de\/home\/wp-json\/wp\/v2\/posts"}],"about":[{"href":"https:\/\/home.graf-rasso-gymnasium.de\/home\/wp-json\/wp\/v2\/types\/post"}],"author":[{"embeddable":true,"href":"https:\/\/home.graf-rasso-gymnasium.de\/home\/wp-json\/wp\/v2\/users\/18"}],"replies":[{"embeddable":true,"href":"https:\/\/home.graf-rasso-gymnasium.de\/home\/wp-json\/wp\/v2\/comments?post=16745"}],"version-history":[{"count":2,"href":"https:\/\/home.graf-rasso-gymnasium.de\/home\/wp-json\/wp\/v2\/posts\/16745\/revisions"}],"predecessor-version":[{"id":16748,"href":"https:\/\/home.graf-rasso-gymnasium.de\/home\/wp-json\/wp\/v2\/posts\/16745\/revisions\/16748"}],"wp:featuredmedia":[{"embeddable":true,"href":"https:\/\/home.graf-rasso-gymnasium.de\/home\/wp-json\/wp\/v2\/media\/16746"}],"wp:attachment":[{"href":"https:\/\/home.graf-rasso-gymnasium.de\/home\/wp-json\/wp\/v2\/media?parent=16745"}],"wp:term":[{"taxonomy":"category","embeddable":true,"href":"https:\/\/home.graf-rasso-gymnasium.de\/home\/wp-json\/wp\/v2\/categories?post=16745"},{"taxonomy":"post_tag","embeddable":true,"href":"https:\/\/home.graf-rasso-gymnasium.de\/home\/wp-json\/wp\/v2\/tags?post=16745"}],"curies":[{"name":"wp","href":"https:\/\/api.w.org\/{rel}","templated":true}]}}