{"id":16914,"date":"2024-03-06T16:43:08","date_gmt":"2024-03-06T15:43:08","guid":{"rendered":"https:\/\/home.graf-rasso-gymnasium.de\/home\/?p=16914"},"modified":"2024-03-06T16:43:09","modified_gmt":"2024-03-06T15:43:09","slug":"eine-aussergewoehnliche-auszeichnung","status":"publish","type":"post","link":"https:\/\/home.graf-rasso-gymnasium.de\/home\/2024\/03\/eine-aussergewoehnliche-auszeichnung\/","title":{"rendered":"Eine au\u00dfergew\u00f6hnliche Auszeichnung"},"content":{"rendered":"\n<p>F\u00fcr besonders gute Sch\u00fcler der Oberstufe Latein gibt es in Bayern jedes Jahr die M\u00f6glichkeit, an einem Wettbewerb teilzunehmen, bei dem man einen recht anspruchsvollen lateinischen Text \u00fcbersetzen und teils witzige, teils sehr herausfordernde Zusatzaufgaben l\u00f6sen muss. Jedes Jahr nehmen an der ersten Runde rund 1000 bayerische Sch\u00fclerinnen und Sch\u00fcler teil. Auch am GRG hatten sich 2023 mehrere Sch\u00fclerinnen und Sch\u00fcler der Q11 bereitgefunden, sich der Herausforderung zu stellen. Paul Fehlner aus der jetzigen Q12 hat es geschafft, die erste Runde zu bestehen. Nur 50 Sch\u00fcler aus ganz Bayern kommen so weit. Als Anerkennung f\u00fcr seine Leistung hat er von den Organisatoren des Wettbewerbes mehrere Fachb\u00fccher und eine Urkunde bekommen. <\/p>\n\n\n\n<figure class=\"wp-block-image aligncenter size-large\"><a href=\"https:\/\/home.graf-rasso-gymnasium.de\/home\/files\/2024\/03\/2023-24\/Landeswettbewerb-alte-Sprachen-1-scaled.jpg\" target=\"_blank\" rel=\"noreferrer noopener\"><img loading=\"lazy\" decoding=\"async\" width=\"768\" height=\"1024\" src=\"https:\/\/home.graf-rasso-gymnasium.de\/home\/files\/2024\/03\/2023-24\/Landeswettbewerb-alte-Sprachen-1-768x1024.jpg\" alt=\"\" class=\"wp-image-16915\" srcset=\"https:\/\/home.graf-rasso-gymnasium.de\/home\/files\/2024\/03\/2023-24\/Landeswettbewerb-alte-Sprachen-1-768x1024.jpg 768w, https:\/\/home.graf-rasso-gymnasium.de\/home\/files\/2024\/03\/2023-24\/Landeswettbewerb-alte-Sprachen-1-225x300.jpg 225w, https:\/\/home.graf-rasso-gymnasium.de\/home\/files\/2024\/03\/2023-24\/Landeswettbewerb-alte-Sprachen-1-1152x1536.jpg 1152w, https:\/\/home.graf-rasso-gymnasium.de\/home\/files\/2024\/03\/2023-24\/Landeswettbewerb-alte-Sprachen-1-1536x2048.jpg 1536w, https:\/\/home.graf-rasso-gymnasium.de\/home\/files\/2024\/03\/2023-24\/Landeswettbewerb-alte-Sprachen-1-scaled.jpg 1920w\" sizes=\"auto, (max-width: 768px) 100vw, 768px\" \/><\/a><figcaption class=\"wp-element-caption\"><strong>Der Schulleiter (Herr Wolthuis) und die Fachlehrerin (Frau Heine) freuen sich mit Paul Fehlner \u00fcber seine \u00fcberragenden Leistungen beim Landeswettbewerb Alte Sprachen. <\/strong><\/figcaption><\/figure>\n\n\n\n<p>Die Fachschaft Latein gratuliert ihm ganz herzlich zu diesem herausragenden Erfolg!<\/p>\n\n\n\n<p><em>Friederike Heine, Fachschaftsleitung Latein<\/em><\/p>\n","protected":false},"excerpt":{"rendered":"<p>F\u00fcr besonders gute Sch\u00fcler der Oberstufe Latein gibt es in Bayern jedes Jahr die M\u00f6glichkeit, an einem Wettbewerb teilzunehmen, bei dem man einen recht anspruchsvollen lateinischen Text \u00fcbersetzen und teils witzige, teils sehr herausfordernde Zusatzaufgaben l\u00f6sen muss. Jedes Jahr nehmen an der ersten Runde rund 1000 bayerische Sch\u00fclerinnen und Sch\u00fcler teil. Auch am GRG hatten [&hellip;]<\/p>\n","protected":false},"author":18,"featured_media":16915,"comment_status":"closed","ping_status":"closed","sticky":false,"template":"","format":"standard","meta":{"footnotes":""},"categories":[110,23,274],"tags":[],"class_list":["post-16914","post","type-post","status-publish","format-standard","has-post-thumbnail","hentry","category-startseite","category-latein","category-schuljahr-2023-24-aktuelles-aus-dem-schuljahr"],"_links":{"self":[{"href":"https:\/\/home.graf-rasso-gymnasium.de\/home\/wp-json\/wp\/v2\/posts\/16914","targetHints":{"allow":["GET"]}}],"collection":[{"href":"https:\/\/home.graf-rasso-gymnasium.de\/home\/wp-json\/wp\/v2\/posts"}],"about":[{"href":"https:\/\/home.graf-rasso-gymnasium.de\/home\/wp-json\/wp\/v2\/types\/post"}],"author":[{"embeddable":true,"href":"https:\/\/home.graf-rasso-gymnasium.de\/home\/wp-json\/wp\/v2\/users\/18"}],"replies":[{"embeddable":true,"href":"https:\/\/home.graf-rasso-gymnasium.de\/home\/wp-json\/wp\/v2\/comments?post=16914"}],"version-history":[{"count":1,"href":"https:\/\/home.graf-rasso-gymnasium.de\/home\/wp-json\/wp\/v2\/posts\/16914\/revisions"}],"predecessor-version":[{"id":16916,"href":"https:\/\/home.graf-rasso-gymnasium.de\/home\/wp-json\/wp\/v2\/posts\/16914\/revisions\/16916"}],"wp:featuredmedia":[{"embeddable":true,"href":"https:\/\/home.graf-rasso-gymnasium.de\/home\/wp-json\/wp\/v2\/media\/16915"}],"wp:attachment":[{"href":"https:\/\/home.graf-rasso-gymnasium.de\/home\/wp-json\/wp\/v2\/media?parent=16914"}],"wp:term":[{"taxonomy":"category","embeddable":true,"href":"https:\/\/home.graf-rasso-gymnasium.de\/home\/wp-json\/wp\/v2\/categories?post=16914"},{"taxonomy":"post_tag","embeddable":true,"href":"https:\/\/home.graf-rasso-gymnasium.de\/home\/wp-json\/wp\/v2\/tags?post=16914"}],"curies":[{"name":"wp","href":"https:\/\/api.w.org\/{rel}","templated":true}]}}