{"id":17163,"date":"2024-05-29T14:46:47","date_gmt":"2024-05-29T12:46:47","guid":{"rendered":"https:\/\/home.graf-rasso-gymnasium.de\/home\/?p=17163"},"modified":"2024-05-29T14:48:13","modified_gmt":"2024-05-29T12:48:13","slug":"ein-schulfach-lebendig-franzoesisch-austausch-mit-chambery","status":"publish","type":"post","link":"https:\/\/home.graf-rasso-gymnasium.de\/home\/2024\/05\/ein-schulfach-lebendig-franzoesisch-austausch-mit-chambery\/","title":{"rendered":"Ein Schulfach lebendig \u2013 Franz\u00f6sisch-Austausch mit Chamb\u00e9ry"},"content":{"rendered":"\n<p>Eigentlich sind ja noch Ferien. Trotzdem versammelt sich, am letzten Samstag der Osterferien, eine Gruppe Sch\u00fcler, mit (teils sehr gro\u00dfen) Koffern und einer durchaus sp\u00fcrbaren Aufgeregtheit am Brucker Bahnhof. Frankreich ruft! <em>Le train arrive, venez vite! <\/em>F\u00fcr 15 Zehnt- und Elftkl\u00e4ssler und zwei Lehrerinnen geht es f\u00fcr eine Woche nach Chamb\u00e9ry, Savoie, Auvergne-Rh\u00f4ne-Alpes. Franz\u00f6sisch als Fach in der Schule kann zwar manchmal anstrengend sein, aber die Sprache dann auf einem Austausch mit neuen Eindr\u00fccken und Menschen, die dann zu Freunden werden, verbinden zu k\u00f6nnen, ist etwas Besonderes und Unvergessliches.<\/p>\n\n\n\n<p>Nach \u00fcber zehn Stunden Zugfahrt steigt die Spannung, die Ankunft am Bahnhof Challes-les-Eaux steht bevor. Ein Teil von uns kennt seine \u201ecorres\u201c bereits vom letzten Jahr, dennoch ist es f\u00fcr alle ein sehr aufregender Moment. Das restliche Wochenende verbringen wir mit unseren Gastfamilien und die Austauschpartner gaben sich M\u00fche, Aktivit\u00e4ten f\u00fcr uns zu organisieren, sei es eine Wanderung in den umliegenden Bergen oder ein Freizeitparkbesuch. Uns fiel auch sehr schnell auf, wie sch\u00f6n die Stadt Chamb\u00e9ry eigentlich ist, mit einem leicht s\u00fcdl\u00e4ndischen Flair, alten Geb\u00e4uden und vielen kleinen L\u00e4den. Wo man immer vorbei kommt? \u2013&nbsp; Am Elefantenbrunnen, eine lange Geschichte\u2026<br \/>Am Montag hie\u00df es dann: Schule. Das Lyc\u00e9e Gaspard Monge ist wesentlich gr\u00f6\u00dfer als das GRG, auch das umz\u00e4unte Schulgel\u00e4nde, das man nur mit einer Schl\u00fcsselkarte betreten kann und eine riesige Kantine, ist f\u00fcr uns leicht fremd. Auf ein kurzes k\u00f6rperliches und sprachliches Warm-up folgte eine Runde Speeddating. Dann wurden wir auch schon in Referat-Teams eingeteilt, je ein franz\u00f6sischer und ein deutscher Sch\u00fcler, die durch Themenk\u00e4rtchen per Zufall gebildet werden. Die Themen befassen sich alle mit der Stadt Chamb\u00e9ry und ihrer Region, von der Entstehung der Gletscher bis hin zum Protestantismus. Der Arbeitsauftrag: gemeinsam eine Pr\u00e4sentation in beiden Sprachen zu erstellen. Die Informationsrecherche und Arbeit an den Projekten fanden in der Schule statt.<br \/>Besichtigungen stehen nat\u00fcrlich auch auf dem Programm. Ein Escape-Game durch Chamb\u00e9ry am Montagnachmittag. Am Dienstag die Besichtigung des sehr sch\u00f6n gelegenen Hauses von Mme de Warens, in dem sich auch Jean-Jacques-Rousseau, ein Schriftsteller, Philosoph und Komponist, zeitweise aufgehalten hat. Am Mittwoch ging es dann zum Lac de Bourget, wo wir, nach einem ausgiebigen Picknick in Aix-les-Bains, mit dem Schiff zur Abbaye de Haute-Combe \u00fcbersetzten. Das Kloster ist ein sehr imposantes Bauwerk in prominenter Lage am See, wenn\u00b4s nicht so kalt und windig gewesen w\u00e4re\u2026<br \/>Mit dem Donnerstag n\u00e4herten wir uns leider schon wieder dem Ende der Woche. Am Vormittag standen die Referate auf dem Plan, anschlie\u00dfend noch ein Museumsbesuch und am Nachmittag hat sich ein Gro\u00dfteil im Stadtpark mit Bergpanorama versammelt. Es wurde gequatscht, UNO und Fu\u00dfball gespielt. Das Wetter hat sich zum Abschluss nochmal von seiner besten Seite gezeigt.<\/p>\n\n\n\n<p>Und dann hie\u00df es auf einmal schon Abschied nehmen. Fr\u00fch am Morgen trafen sich alle am Bahnhof wieder. So schnell kann eine Woche vorbei gehen, schade! Wir alle k\u00f6nnen nun auf eine interessante, erlebnisreiche und sehr sch\u00f6ne Austauschwoche zur\u00fcckblicken. An dieser Stelle m\u00f6chte ich mich, auch im Namen aller teilnehmenden Sch\u00fcler, herzlich bei Frau Harth bedanken, dass Sie diesen Austausch organisiert hat, was keine Selbstverst\u00e4ndlichkeit ist und viel zus\u00e4tzliche Arbeit bedeutet! Ein Dankesch\u00f6n geht auch an Frau Onder, die uns als zweite Lehrkraft begleitet hat.<\/p>\n\n\n\n<figure class=\"wp-block-gallery has-nested-images columns-default is-cropped wp-block-gallery-1 is-layout-flex wp-block-gallery-is-layout-flex\">\n<figure class=\"wp-block-image size-large\"><a href=\"https:\/\/home.graf-rasso-gymnasium.de\/home\/files\/2024\/05\/2023-24\/Chambery-4-scaled.jpg\"><img loading=\"lazy\" decoding=\"async\" width=\"768\" height=\"1024\" data-id=\"17168\" src=\"https:\/\/home.graf-rasso-gymnasium.de\/home\/files\/2024\/05\/2023-24\/Chambery-4-768x1024.jpg\" alt=\"\" class=\"wp-image-17168\" srcset=\"https:\/\/home.graf-rasso-gymnasium.de\/home\/files\/2024\/05\/2023-24\/Chambery-4-768x1024.jpg 768w, https:\/\/home.graf-rasso-gymnasium.de\/home\/files\/2024\/05\/2023-24\/Chambery-4-225x300.jpg 225w, https:\/\/home.graf-rasso-gymnasium.de\/home\/files\/2024\/05\/2023-24\/Chambery-4-1152x1536.jpg 1152w, https:\/\/home.graf-rasso-gymnasium.de\/home\/files\/2024\/05\/2023-24\/Chambery-4-1536x2048.jpg 1536w, https:\/\/home.graf-rasso-gymnasium.de\/home\/files\/2024\/05\/2023-24\/Chambery-4-scaled.jpg 1920w\" sizes=\"auto, (max-width: 768px) 100vw, 768px\" \/><\/a><\/figure>\n\n\n\n<figure class=\"wp-block-image size-large\"><a href=\"https:\/\/home.graf-rasso-gymnasium.de\/home\/files\/2024\/05\/2023-24\/Chambery-1-scaled.jpg\"><img loading=\"lazy\" decoding=\"async\" width=\"768\" height=\"1024\" data-id=\"17167\" src=\"https:\/\/home.graf-rasso-gymnasium.de\/home\/files\/2024\/05\/2023-24\/Chambery-1-768x1024.jpg\" alt=\"\" class=\"wp-image-17167\" srcset=\"https:\/\/home.graf-rasso-gymnasium.de\/home\/files\/2024\/05\/2023-24\/Chambery-1-768x1024.jpg 768w, https:\/\/home.graf-rasso-gymnasium.de\/home\/files\/2024\/05\/2023-24\/Chambery-1-225x300.jpg 225w, https:\/\/home.graf-rasso-gymnasium.de\/home\/files\/2024\/05\/2023-24\/Chambery-1-1152x1536.jpg 1152w, https:\/\/home.graf-rasso-gymnasium.de\/home\/files\/2024\/05\/2023-24\/Chambery-1-1536x2048.jpg 1536w, https:\/\/home.graf-rasso-gymnasium.de\/home\/files\/2024\/05\/2023-24\/Chambery-1-scaled.jpg 1920w\" sizes=\"auto, (max-width: 768px) 100vw, 768px\" \/><\/a><\/figure>\n\n\n\n<figure class=\"wp-block-image size-large\"><a href=\"https:\/\/home.graf-rasso-gymnasium.de\/home\/files\/2024\/05\/2023-24\/Chambery-2-scaled.jpg\"><img loading=\"lazy\" decoding=\"async\" width=\"768\" height=\"1024\" data-id=\"17166\" src=\"https:\/\/home.graf-rasso-gymnasium.de\/home\/files\/2024\/05\/2023-24\/Chambery-2-768x1024.jpg\" alt=\"\" class=\"wp-image-17166\" srcset=\"https:\/\/home.graf-rasso-gymnasium.de\/home\/files\/2024\/05\/2023-24\/Chambery-2-768x1024.jpg 768w, https:\/\/home.graf-rasso-gymnasium.de\/home\/files\/2024\/05\/2023-24\/Chambery-2-225x300.jpg 225w, https:\/\/home.graf-rasso-gymnasium.de\/home\/files\/2024\/05\/2023-24\/Chambery-2-1152x1536.jpg 1152w, https:\/\/home.graf-rasso-gymnasium.de\/home\/files\/2024\/05\/2023-24\/Chambery-2-1536x2048.jpg 1536w, https:\/\/home.graf-rasso-gymnasium.de\/home\/files\/2024\/05\/2023-24\/Chambery-2-scaled.jpg 1920w\" sizes=\"auto, (max-width: 768px) 100vw, 768px\" \/><\/a><\/figure>\n\n\n\n<figure class=\"wp-block-image size-large\"><a href=\"https:\/\/home.graf-rasso-gymnasium.de\/home\/files\/2024\/05\/2023-24\/Chambery-3-scaled.jpg\"><img loading=\"lazy\" decoding=\"async\" width=\"768\" height=\"1024\" data-id=\"17165\" src=\"https:\/\/home.graf-rasso-gymnasium.de\/home\/files\/2024\/05\/2023-24\/Chambery-3-768x1024.jpg\" alt=\"\" class=\"wp-image-17165\" srcset=\"https:\/\/home.graf-rasso-gymnasium.de\/home\/files\/2024\/05\/2023-24\/Chambery-3-768x1024.jpg 768w, https:\/\/home.graf-rasso-gymnasium.de\/home\/files\/2024\/05\/2023-24\/Chambery-3-225x300.jpg 225w, https:\/\/home.graf-rasso-gymnasium.de\/home\/files\/2024\/05\/2023-24\/Chambery-3-1152x1536.jpg 1152w, https:\/\/home.graf-rasso-gymnasium.de\/home\/files\/2024\/05\/2023-24\/Chambery-3-1536x2048.jpg 1536w, https:\/\/home.graf-rasso-gymnasium.de\/home\/files\/2024\/05\/2023-24\/Chambery-3-scaled.jpg 1920w\" sizes=\"auto, (max-width: 768px) 100vw, 768px\" \/><\/a><\/figure>\n\n\n\n<figure class=\"wp-block-image size-large\"><a href=\"https:\/\/home.graf-rasso-gymnasium.de\/home\/files\/2024\/05\/2023-24\/Chambery-5-scaled.jpg\"><img loading=\"lazy\" decoding=\"async\" width=\"768\" height=\"1024\" data-id=\"17164\" src=\"https:\/\/home.graf-rasso-gymnasium.de\/home\/files\/2024\/05\/2023-24\/Chambery-5-768x1024.jpg\" alt=\"\" class=\"wp-image-17164\" srcset=\"https:\/\/home.graf-rasso-gymnasium.de\/home\/files\/2024\/05\/2023-24\/Chambery-5-768x1024.jpg 768w, https:\/\/home.graf-rasso-gymnasium.de\/home\/files\/2024\/05\/2023-24\/Chambery-5-225x300.jpg 225w, https:\/\/home.graf-rasso-gymnasium.de\/home\/files\/2024\/05\/2023-24\/Chambery-5-1152x1536.jpg 1152w, https:\/\/home.graf-rasso-gymnasium.de\/home\/files\/2024\/05\/2023-24\/Chambery-5-1536x2048.jpg 1536w, https:\/\/home.graf-rasso-gymnasium.de\/home\/files\/2024\/05\/2023-24\/Chambery-5-scaled.jpg 1920w\" sizes=\"auto, (max-width: 768px) 100vw, 768px\" \/><\/a><\/figure>\n<\/figure>\n\n\n\n<figure class=\"wp-block-image aligncenter size-large is-resized\"><img loading=\"lazy\" decoding=\"async\" width=\"1024\" height=\"768\" src=\"https:\/\/home.graf-rasso-gymnasium.de\/home\/files\/2024\/05\/2023-24\/Chambery-6-1024x768.jpg\" alt=\"\" class=\"wp-image-17169\" style=\"width:649px;height:auto\" srcset=\"https:\/\/home.graf-rasso-gymnasium.de\/home\/files\/2024\/05\/2023-24\/Chambery-6-1024x768.jpg 1024w, https:\/\/home.graf-rasso-gymnasium.de\/home\/files\/2024\/05\/2023-24\/Chambery-6-300x225.jpg 300w, https:\/\/home.graf-rasso-gymnasium.de\/home\/files\/2024\/05\/2023-24\/Chambery-6-768x576.jpg 768w, https:\/\/home.graf-rasso-gymnasium.de\/home\/files\/2024\/05\/2023-24\/Chambery-6-1536x1152.jpg 1536w, https:\/\/home.graf-rasso-gymnasium.de\/home\/files\/2024\/05\/2023-24\/Chambery-6-2048x1536.jpg 2048w\" sizes=\"auto, (max-width: 1024px) 100vw, 1024px\" \/><\/figure>\n\n\n\n<p>Chamb\u00e9ry, \u00e0 bient\u00f4t!<\/p>\n\n\n\n<p><em>Fabian Sterba, 10c&nbsp;<\/em><\/p>\n","protected":false},"excerpt":{"rendered":"<p>Eigentlich sind ja noch Ferien. Trotzdem versammelt sich, am letzten Samstag der Osterferien, eine Gruppe Sch\u00fcler, mit (teils sehr gro\u00dfen) Koffern und einer durchaus sp\u00fcrbaren Aufgeregtheit am Brucker Bahnhof. Frankreich ruft! Le train arrive, venez vite! F\u00fcr 15 Zehnt- und Elftkl\u00e4ssler und zwei Lehrerinnen geht es f\u00fcr eine Woche nach Chamb\u00e9ry, Savoie, Auvergne-Rh\u00f4ne-Alpes. Franz\u00f6sisch als [&hellip;]<\/p>\n","protected":false},"author":18,"featured_media":17169,"comment_status":"closed","ping_status":"closed","sticky":false,"template":"","format":"standard","meta":{"footnotes":""},"categories":[110,107,26,274],"tags":[],"class_list":["post-17163","post","type-post","status-publish","format-standard","has-post-thumbnail","hentry","category-startseite","category-fahrten-und-reisen","category-franzoesisch","category-schuljahr-2023-24-aktuelles-aus-dem-schuljahr"],"_links":{"self":[{"href":"https:\/\/home.graf-rasso-gymnasium.de\/home\/wp-json\/wp\/v2\/posts\/17163","targetHints":{"allow":["GET"]}}],"collection":[{"href":"https:\/\/home.graf-rasso-gymnasium.de\/home\/wp-json\/wp\/v2\/posts"}],"about":[{"href":"https:\/\/home.graf-rasso-gymnasium.de\/home\/wp-json\/wp\/v2\/types\/post"}],"author":[{"embeddable":true,"href":"https:\/\/home.graf-rasso-gymnasium.de\/home\/wp-json\/wp\/v2\/users\/18"}],"replies":[{"embeddable":true,"href":"https:\/\/home.graf-rasso-gymnasium.de\/home\/wp-json\/wp\/v2\/comments?post=17163"}],"version-history":[{"count":3,"href":"https:\/\/home.graf-rasso-gymnasium.de\/home\/wp-json\/wp\/v2\/posts\/17163\/revisions"}],"predecessor-version":[{"id":17172,"href":"https:\/\/home.graf-rasso-gymnasium.de\/home\/wp-json\/wp\/v2\/posts\/17163\/revisions\/17172"}],"wp:featuredmedia":[{"embeddable":true,"href":"https:\/\/home.graf-rasso-gymnasium.de\/home\/wp-json\/wp\/v2\/media\/17169"}],"wp:attachment":[{"href":"https:\/\/home.graf-rasso-gymnasium.de\/home\/wp-json\/wp\/v2\/media?parent=17163"}],"wp:term":[{"taxonomy":"category","embeddable":true,"href":"https:\/\/home.graf-rasso-gymnasium.de\/home\/wp-json\/wp\/v2\/categories?post=17163"},{"taxonomy":"post_tag","embeddable":true,"href":"https:\/\/home.graf-rasso-gymnasium.de\/home\/wp-json\/wp\/v2\/tags?post=17163"}],"curies":[{"name":"wp","href":"https:\/\/api.w.org\/{rel}","templated":true}]}}