{"id":18820,"date":"2026-03-20T13:07:55","date_gmt":"2026-03-20T12:07:55","guid":{"rendered":"https:\/\/home.graf-rasso-gymnasium.de\/home\/?p=18820"},"modified":"2026-03-20T13:12:11","modified_gmt":"2026-03-20T12:12:11","slug":"grosser-erfolg-fuer-david-lenz-beim-landeswettbewerb-mathematik","status":"publish","type":"post","link":"https:\/\/home.graf-rasso-gymnasium.de\/home\/2026\/03\/grosser-erfolg-fuer-david-lenz-beim-landeswettbewerb-mathematik\/","title":{"rendered":"Gro\u00dfer Erfolg f\u00fcr David Lenz beim Landeswettbewerb Mathematik"},"content":{"rendered":"\n<p>Die Schulfamilie freut sich \u00fcber einen herausragenden Erfolg: David Lenz aus der 8. Jahrgangsstufe hat in der zweiten Runde des Landeswettbewerbs Mathematik ein au\u00dfergew\u00f6hnliches Ergebnis erzielt. Die Aufgaben dieser Runde sind sehr anspruchsvoll \u2013 viele davon stellen selbst Oberstufensch\u00fclerinnen und -sch\u00fcler vor gro\u00dfe Herausforderungen.<\/p>\n\n\n\n<p>Mit seiner beeindruckenden Leistung z\u00e4hlt David nun zu den Landessiegern des Wettbewerbs. Dieser Erfolg zeigt nicht nur sein mathematisches Talent, sondern auch seine Ausdauer, Kreativit\u00e4t und Freude am Denken.<\/p>\n\n\n\n<p>Die Mathematik-Fachschaft ist sehr stolz auf David. Schulleiter Jan Wolthuis und Fachschaftsleiterin Andrea Rotsch gratulieren herzlich zu diesem gro\u00dfartigen Ergebnis und w\u00fcnschen ihm weiterhin viel Freude und Erfolg auf seinem mathematischen Weg.<\/p>\n\n\n\n<figure class=\"wp-block-image aligncenter size-large\"><img loading=\"lazy\" decoding=\"async\" width=\"606\" height=\"1024\" src=\"https:\/\/home.graf-rasso-gymnasium.de\/home\/files\/2026\/03\/2024-25\/Urkundenuebergabe-David-Lenz-alle-606x1024.jpg\" alt=\"\" class=\"wp-image-18821\" srcset=\"https:\/\/home.graf-rasso-gymnasium.de\/home\/files\/2026\/03\/2024-25\/Urkundenuebergabe-David-Lenz-alle-606x1024.jpg 606w, https:\/\/home.graf-rasso-gymnasium.de\/home\/files\/2026\/03\/2024-25\/Urkundenuebergabe-David-Lenz-alle-177x300.jpg 177w, https:\/\/home.graf-rasso-gymnasium.de\/home\/files\/2026\/03\/2024-25\/Urkundenuebergabe-David-Lenz-alle-768x1298.jpg 768w, https:\/\/home.graf-rasso-gymnasium.de\/home\/files\/2026\/03\/2024-25\/Urkundenuebergabe-David-Lenz-alle-909x1536.jpg 909w, https:\/\/home.graf-rasso-gymnasium.de\/home\/files\/2026\/03\/2024-25\/Urkundenuebergabe-David-Lenz-alle-1211x2048.jpg 1211w, https:\/\/home.graf-rasso-gymnasium.de\/home\/files\/2026\/03\/2024-25\/Urkundenuebergabe-David-Lenz-alle-scaled.jpg 1514w\" sizes=\"auto, (max-width: 606px) 100vw, 606px\" \/><\/figure>\n","protected":false},"excerpt":{"rendered":"<p>Die Schulfamilie freut sich \u00fcber einen herausragenden Erfolg: David Lenz aus der 8. Jahrgangsstufe hat in der zweiten Runde des Landeswettbewerbs Mathematik ein au\u00dfergew\u00f6hnliches Ergebnis erzielt. Die Aufgaben dieser Runde sind sehr anspruchsvoll \u2013 viele davon stellen selbst Oberstufensch\u00fclerinnen und -sch\u00fcler vor gro\u00dfe Herausforderungen. Mit seiner beeindruckenden Leistung z\u00e4hlt David nun zu den Landessiegern des [&hellip;]<\/p>\n","protected":false},"author":20,"featured_media":18824,"comment_status":"closed","ping_status":"closed","sticky":false,"template":"","format":"standard","meta":{"footnotes":""},"categories":[285],"tags":[],"class_list":["post-18820","post","type-post","status-publish","format-standard","has-post-thumbnail","hentry","category-schuljahr-2025-26"],"_links":{"self":[{"href":"https:\/\/home.graf-rasso-gymnasium.de\/home\/wp-json\/wp\/v2\/posts\/18820","targetHints":{"allow":["GET"]}}],"collection":[{"href":"https:\/\/home.graf-rasso-gymnasium.de\/home\/wp-json\/wp\/v2\/posts"}],"about":[{"href":"https:\/\/home.graf-rasso-gymnasium.de\/home\/wp-json\/wp\/v2\/types\/post"}],"author":[{"embeddable":true,"href":"https:\/\/home.graf-rasso-gymnasium.de\/home\/wp-json\/wp\/v2\/users\/20"}],"replies":[{"embeddable":true,"href":"https:\/\/home.graf-rasso-gymnasium.de\/home\/wp-json\/wp\/v2\/comments?post=18820"}],"version-history":[{"count":2,"href":"https:\/\/home.graf-rasso-gymnasium.de\/home\/wp-json\/wp\/v2\/posts\/18820\/revisions"}],"predecessor-version":[{"id":18825,"href":"https:\/\/home.graf-rasso-gymnasium.de\/home\/wp-json\/wp\/v2\/posts\/18820\/revisions\/18825"}],"wp:featuredmedia":[{"embeddable":true,"href":"https:\/\/home.graf-rasso-gymnasium.de\/home\/wp-json\/wp\/v2\/media\/18824"}],"wp:attachment":[{"href":"https:\/\/home.graf-rasso-gymnasium.de\/home\/wp-json\/wp\/v2\/media?parent=18820"}],"wp:term":[{"taxonomy":"category","embeddable":true,"href":"https:\/\/home.graf-rasso-gymnasium.de\/home\/wp-json\/wp\/v2\/categories?post=18820"},{"taxonomy":"post_tag","embeddable":true,"href":"https:\/\/home.graf-rasso-gymnasium.de\/home\/wp-json\/wp\/v2\/tags?post=18820"}],"curies":[{"name":"wp","href":"https:\/\/api.w.org\/{rel}","templated":true}]}}