{"id":18831,"date":"2026-03-23T06:57:40","date_gmt":"2026-03-23T05:57:40","guid":{"rendered":"https:\/\/home.graf-rasso-gymnasium.de\/home\/?p=18831"},"modified":"2026-03-23T06:57:40","modified_gmt":"2026-03-23T05:57:40","slug":"auf-der-ostereierjagd-fuerstenfeldbruck-kennenlernen","status":"publish","type":"post","link":"https:\/\/home.graf-rasso-gymnasium.de\/home\/2026\/03\/auf-der-ostereierjagd-fuerstenfeldbruck-kennenlernen\/","title":{"rendered":"Auf der Ostereierjagd F\u00fcrstenfeldbruck kennenlernen"},"content":{"rendered":"\n<p>Eine besondere Art sch\u00f6ne und interessante Orte in F\u00fcrstenfeldbruck zu entdecken, haben sich Helena, Carla und Emilia aus dem P-Seminar Stadtf\u00fchrungen ausgedacht. Sie haben f\u00fcr Sch\u00fclerinnen und Sch\u00fcler aus den 5. und 6. Klassen einige R\u00e4tsel vorbereitet, die gel\u00f6st werden mussten, damit herausgefunden werden konnte, an welcher Stelle der Osterhase Eier versteckt hatte. Doch bevor diese gesucht werden konnten, erfuhren die Teilnehmerinnen und Teilnehmer viel Interessantes \u00fcber F\u00fcrstenfeldbruck.<\/p>\n\n\n\n<p>So fanden die Kinder in der Mensa heraus, dass der erste Programmpunkt das Kloster war, indem sie die T\u00fcre der Klosterkirche als Puzzle bauten. Nach einer ausgiebigen Besichtigung des Areals f\u00fchrte sie ein Gedicht in die Aum\u00fchle. Als einige markante Orte in der Innenstadt erkundet worden waren, wurden noch Eier an der Amper gesucht.<\/p>\n\n\n\n<p>Mit Taschen voller Schokoeiern und viel neuem Wissen \u00fcber F\u00fcrstenfeldbruck kehrten wir wieder ans GRG zur\u00fcck. Auch wenn sich einige F\u00fcnft- und Sechstkl\u00e4ssler als wahre F\u00fcrstenfeldbruck-Experten herausstellten, kam jede und jeder auf seine Kosten und wir verabschiedeten uns am Ende begeistert von den versierten Stadtf\u00fchrerinnen. <\/p>\n\n\n\n<p>Martina Dornst\u00e4dter<\/p>\n\n\n<div class=\"owl-post-slider-wrapper\"><div class=\"owl-carousel owl-theme owl-custom-slider\"><div class=\"post-slide-box no-text\"><div class=\"post-thumb-container\"><a href=\"https:\/\/home.graf-rasso-gymnasium.de\/home\/files\/2026\/03\/2024-25\/20260319_133656-scaled.jpg\" class=\"lightbox-trigger\"><img decoding=\"async\" src=\"https:\/\/home.graf-rasso-gymnasium.de\/home\/files\/2026\/03\/2024-25\/20260319_133656-scaled.jpg\" class=\"post-thumb\" alt=\"\"><\/a><\/div><div class=\"post-content\"><\/div><\/div><div class=\"post-slide-box no-text\"><div class=\"post-thumb-container\"><a href=\"https:\/\/home.graf-rasso-gymnasium.de\/home\/files\/2026\/03\/2024-25\/20260319_142851-scaled.jpg\" class=\"lightbox-trigger\"><img decoding=\"async\" src=\"https:\/\/home.graf-rasso-gymnasium.de\/home\/files\/2026\/03\/2024-25\/20260319_142851-scaled.jpg\" class=\"post-thumb\" alt=\"\"><\/a><\/div><div class=\"post-content\"><\/div><\/div><div class=\"post-slide-box no-text\"><div class=\"post-thumb-container\"><a href=\"https:\/\/home.graf-rasso-gymnasium.de\/home\/files\/2026\/03\/2024-25\/20260319_141502-scaled.jpg\" class=\"lightbox-trigger\"><img decoding=\"async\" src=\"https:\/\/home.graf-rasso-gymnasium.de\/home\/files\/2026\/03\/2024-25\/20260319_141502-scaled.jpg\" class=\"post-thumb\" alt=\"\"><\/a><\/div><div class=\"post-content\"><\/div><\/div><div class=\"post-slide-box no-text\"><div class=\"post-thumb-container\"><a href=\"https:\/\/home.graf-rasso-gymnasium.de\/home\/files\/2026\/03\/2024-25\/20260319_141254-scaled.jpg\" class=\"lightbox-trigger\"><img decoding=\"async\" src=\"https:\/\/home.graf-rasso-gymnasium.de\/home\/files\/2026\/03\/2024-25\/20260319_141254-scaled.jpg\" class=\"post-thumb\" alt=\"\"><\/a><\/div><div class=\"post-content\"><\/div><\/div><div class=\"post-slide-box no-text\"><div class=\"post-thumb-container\"><a href=\"https:\/\/home.graf-rasso-gymnasium.de\/home\/files\/2026\/03\/2024-25\/20260319_145310-scaled.jpg\" class=\"lightbox-trigger\"><img decoding=\"async\" src=\"https:\/\/home.graf-rasso-gymnasium.de\/home\/files\/2026\/03\/2024-25\/20260319_145310-scaled.jpg\" class=\"post-thumb\" alt=\"\"><\/a><\/div><div class=\"post-content\"><\/div><\/div><div class=\"post-slide-box no-text\"><div class=\"post-thumb-container\"><a href=\"https:\/\/home.graf-rasso-gymnasium.de\/home\/files\/2026\/03\/2024-25\/20260319_143531-scaled.jpg\" class=\"lightbox-trigger\"><img decoding=\"async\" src=\"https:\/\/home.graf-rasso-gymnasium.de\/home\/files\/2026\/03\/2024-25\/20260319_143531-scaled.jpg\" class=\"post-thumb\" alt=\"\"><\/a><\/div><div class=\"post-content\"><\/div><\/div><\/div><div class=\"custom-nav\" style=\"display:flex; gap:1rem; justify-content:center; margin-top:1rem;\"><div class=\"wp-block-button is-style-default\"><a class=\"wp-block-button__link wp-element-button custom-prev\"><i class=\"fa-solid fa-chevron-left\"><\/i> Zur\u00fcck<\/a><\/div><div class=\"wp-block-button is-style-default\"><a class=\"wp-block-button__link wp-element-button custom-next\">Vor <i class=\"fa-solid fa-chevron-right\"><\/i><\/a><\/div><\/div>\n","protected":false},"excerpt":{"rendered":"<p>Eine besondere Art sch\u00f6ne und interessante Orte in F\u00fcrstenfeldbruck zu entdecken, haben sich Helena, Carla und Emilia aus dem P-Seminar Stadtf\u00fchrungen ausgedacht. Sie haben f\u00fcr Sch\u00fclerinnen und Sch\u00fcler aus den 5. und 6. Klassen einige R\u00e4tsel vorbereitet, die gel\u00f6st werden mussten, damit herausgefunden werden konnte, an welcher Stelle der Osterhase Eier versteckt hatte. Doch bevor [&hellip;]<\/p>\n","protected":false},"author":20,"featured_media":18838,"comment_status":"closed","ping_status":"closed","sticky":false,"template":"","format":"standard","meta":{"footnotes":""},"categories":[285],"tags":[],"class_list":["post-18831","post","type-post","status-publish","format-standard","has-post-thumbnail","hentry","category-schuljahr-2025-26"],"_links":{"self":[{"href":"https:\/\/home.graf-rasso-gymnasium.de\/home\/wp-json\/wp\/v2\/posts\/18831","targetHints":{"allow":["GET"]}}],"collection":[{"href":"https:\/\/home.graf-rasso-gymnasium.de\/home\/wp-json\/wp\/v2\/posts"}],"about":[{"href":"https:\/\/home.graf-rasso-gymnasium.de\/home\/wp-json\/wp\/v2\/types\/post"}],"author":[{"embeddable":true,"href":"https:\/\/home.graf-rasso-gymnasium.de\/home\/wp-json\/wp\/v2\/users\/20"}],"replies":[{"embeddable":true,"href":"https:\/\/home.graf-rasso-gymnasium.de\/home\/wp-json\/wp\/v2\/comments?post=18831"}],"version-history":[{"count":1,"href":"https:\/\/home.graf-rasso-gymnasium.de\/home\/wp-json\/wp\/v2\/posts\/18831\/revisions"}],"predecessor-version":[{"id":18839,"href":"https:\/\/home.graf-rasso-gymnasium.de\/home\/wp-json\/wp\/v2\/posts\/18831\/revisions\/18839"}],"wp:featuredmedia":[{"embeddable":true,"href":"https:\/\/home.graf-rasso-gymnasium.de\/home\/wp-json\/wp\/v2\/media\/18838"}],"wp:attachment":[{"href":"https:\/\/home.graf-rasso-gymnasium.de\/home\/wp-json\/wp\/v2\/media?parent=18831"}],"wp:term":[{"taxonomy":"category","embeddable":true,"href":"https:\/\/home.graf-rasso-gymnasium.de\/home\/wp-json\/wp\/v2\/categories?post=18831"},{"taxonomy":"post_tag","embeddable":true,"href":"https:\/\/home.graf-rasso-gymnasium.de\/home\/wp-json\/wp\/v2\/tags?post=18831"}],"curies":[{"name":"wp","href":"https:\/\/api.w.org\/{rel}","templated":true}]}}