{"id":18946,"date":"2026-04-28T17:16:47","date_gmt":"2026-04-28T15:16:47","guid":{"rendered":"https:\/\/home.graf-rasso-gymnasium.de\/home\/?p=18946"},"modified":"2026-04-28T17:25:38","modified_gmt":"2026-04-28T15:25:38","slug":"erster-pflanztag-auf-dem-grg-acker-froehlich-engagiert-und-voller-tatendrang","status":"publish","type":"post","link":"https:\/\/home.graf-rasso-gymnasium.de\/home\/2026\/04\/erster-pflanztag-auf-dem-grg-acker-froehlich-engagiert-und-voller-tatendrang\/","title":{"rendered":"Erster Pflanztag auf dem GRG-Acker: Fr\u00f6hlich, engagiert und voller Tatendrang"},"content":{"rendered":"\n<p>Am Freitagnachmittag fand unser erster Pflanztag auf dem Acker des GRG statt \u2013 eine wunderbare Einstimmung in die neue Fr\u00fchjahrszeit und eine echte Gemeinschaftsaktion.<\/p>\n\n\n\n<p>Rund 20 Sch\u00fclerinnen und Sch\u00fcler des Wahlkurses Acker (Jahrg\u00e4nge 5\u201310) sowie Freundinnen und Freunde hatten sich auf dem Acker eingefunden, um unter der fachkundigen Anleitung unseres Ackercoachs Catha von der Ackerdemie zuerst gemeinsam Beete anzulegen und Wege zu treten. Auf Grund des trockenen Bodens \u2013 der Regen nimmt sich ja gerade eine Auszeit \u2013 merkten wir: Ackerarbeit ist (manchmal) Knochenarbeit, aber genau diese Herausforderung macht Spa\u00df. Die steinharten Erdbrocken lie\u00dfen sich mit Geduld und Teamgeist \u00fcberwinden, und am Ende sah der Acker schon vielversprechend aus.<\/p>\n\n\n\n<p>Mit gro\u00dfer Motivation ging es dann ans Pflanzen. Gemeinsam haben wir in Kleingruppen angeleitet von Catha, Sch\u00fclern der AG oder Frau Fehr viel Pflanz- und Saatgut untergebracht:<\/p>\n\n\n\n<ul class=\"wp-block-list\">\n<li>Gepflanzt: Fr\u00fchlingszwiebeln, rote Bete, Kohlrabi, Salat, Palmkohl, Fenchel<\/li>\n\n\n\n<li>Gesteckt: Zwiebeln, Kartoffeln<\/li>\n\n\n\n<li>Ges\u00e4t: Radieschen, M\u00f6hren, Rauke, Schwarzwurzel, Pastinaken, Erbsen<\/li>\n<\/ul>\n\n\n\n<p>Viel gelernt haben wir dabei auch: Wie man korrekt w\u00e4ssert, was wertvolles Saatgut ist, wie man Fl\u00e4chen sauber trennt und nat\u00fcrlich alle Pflanztechniken. Zum Abschluss gab es als Belohnung einen leckeren Schokoladenkuchen!<\/p>\n\n\n\n<p>Wir hoffen auf eine gute Ernte, bald mehr Regen und m\u00f6glichst wenige Schnecken, damit der Acker weiter gedeiht.<\/p>\n\n\n\n<p>Am Ende dieses fr\u00f6hlichen Tages steht unser Ziel im Vordergrund: Wir wachsen gemeinsam mit dem Acker \u2013 Schritt f\u00fcr Schritt, Pflanze f\u00fcr Pflanze.<\/p>\n\n\n<div class=\"owl-post-slider-wrapper\"><div class=\"owl-carousel owl-theme owl-custom-slider\"><div class=\"post-slide-box no-text\"><div class=\"post-thumb-container\"><a href=\"https:\/\/home.graf-rasso-gymnasium.de\/home\/files\/2026\/04\/2024-25\/pflanztag1_26_1.jpg\" class=\"lightbox-trigger\"><img decoding=\"async\" src=\"https:\/\/home.graf-rasso-gymnasium.de\/home\/files\/2026\/04\/2024-25\/pflanztag1_26_1.jpg\" class=\"post-thumb\" alt=\"\"><\/a><\/div><div class=\"post-content\"><\/div><\/div><div class=\"post-slide-box no-text\"><div class=\"post-thumb-container\"><a href=\"https:\/\/home.graf-rasso-gymnasium.de\/home\/files\/2026\/04\/2024-25\/pflanztag1_26_2.jpg\" class=\"lightbox-trigger\"><img decoding=\"async\" src=\"https:\/\/home.graf-rasso-gymnasium.de\/home\/files\/2026\/04\/2024-25\/pflanztag1_26_2.jpg\" class=\"post-thumb\" alt=\"\"><\/a><\/div><div class=\"post-content\"><\/div><\/div><div class=\"post-slide-box no-text\"><div class=\"post-thumb-container\"><a href=\"https:\/\/home.graf-rasso-gymnasium.de\/home\/files\/2026\/04\/2024-25\/pflanztag1_26_3.jpg\" class=\"lightbox-trigger\"><img decoding=\"async\" src=\"https:\/\/home.graf-rasso-gymnasium.de\/home\/files\/2026\/04\/2024-25\/pflanztag1_26_3.jpg\" class=\"post-thumb\" alt=\"\"><\/a><\/div><div class=\"post-content\"><\/div><\/div><div class=\"post-slide-box no-text\"><div class=\"post-thumb-container\"><a href=\"https:\/\/home.graf-rasso-gymnasium.de\/home\/files\/2026\/04\/2024-25\/pflanztag1_26_4.png\" class=\"lightbox-trigger\"><img decoding=\"async\" src=\"https:\/\/home.graf-rasso-gymnasium.de\/home\/files\/2026\/04\/2024-25\/pflanztag1_26_4.png\" class=\"post-thumb\" alt=\"\"><\/a><\/div><div class=\"post-content\"><\/div><\/div><\/div><div class=\"custom-nav\" style=\"display:flex; gap:1rem; justify-content:center; margin-top:1rem;\"><div class=\"wp-block-button is-style-default\"><a class=\"wp-block-button__link wp-element-button custom-prev\"><i class=\"fa-solid fa-chevron-left\"><\/i> Zur\u00fcck<\/a><\/div><div class=\"wp-block-button is-style-default\"><a class=\"wp-block-button__link wp-element-button custom-next\">Vor <i class=\"fa-solid fa-chevron-right\"><\/i><\/a><\/div><\/div>\n","protected":false},"excerpt":{"rendered":"<p>Am Freitagnachmittag fand unser erster Pflanztag auf dem Acker des GRG statt \u2013 eine wunderbare Einstimmung in die neue Fr\u00fchjahrszeit und eine echte Gemeinschaftsaktion. Rund 20 Sch\u00fclerinnen und Sch\u00fcler des Wahlkurses Acker (Jahrg\u00e4nge 5\u201310) sowie Freundinnen und Freunde hatten sich auf dem Acker eingefunden, um unter der fachkundigen Anleitung unseres Ackercoachs Catha von der Ackerdemie [&hellip;]<\/p>\n","protected":false},"author":20,"featured_media":18948,"comment_status":"closed","ping_status":"closed","sticky":false,"template":"","format":"standard","meta":{"footnotes":""},"categories":[274],"tags":[],"class_list":["post-18946","post","type-post","status-publish","format-standard","has-post-thumbnail","hentry","category-schuljahr-2023-24-aktuelles-aus-dem-schuljahr"],"_links":{"self":[{"href":"https:\/\/home.graf-rasso-gymnasium.de\/home\/wp-json\/wp\/v2\/posts\/18946","targetHints":{"allow":["GET"]}}],"collection":[{"href":"https:\/\/home.graf-rasso-gymnasium.de\/home\/wp-json\/wp\/v2\/posts"}],"about":[{"href":"https:\/\/home.graf-rasso-gymnasium.de\/home\/wp-json\/wp\/v2\/types\/post"}],"author":[{"embeddable":true,"href":"https:\/\/home.graf-rasso-gymnasium.de\/home\/wp-json\/wp\/v2\/users\/20"}],"replies":[{"embeddable":true,"href":"https:\/\/home.graf-rasso-gymnasium.de\/home\/wp-json\/wp\/v2\/comments?post=18946"}],"version-history":[{"count":2,"href":"https:\/\/home.graf-rasso-gymnasium.de\/home\/wp-json\/wp\/v2\/posts\/18946\/revisions"}],"predecessor-version":[{"id":18952,"href":"https:\/\/home.graf-rasso-gymnasium.de\/home\/wp-json\/wp\/v2\/posts\/18946\/revisions\/18952"}],"wp:featuredmedia":[{"embeddable":true,"href":"https:\/\/home.graf-rasso-gymnasium.de\/home\/wp-json\/wp\/v2\/media\/18948"}],"wp:attachment":[{"href":"https:\/\/home.graf-rasso-gymnasium.de\/home\/wp-json\/wp\/v2\/media?parent=18946"}],"wp:term":[{"taxonomy":"category","embeddable":true,"href":"https:\/\/home.graf-rasso-gymnasium.de\/home\/wp-json\/wp\/v2\/categories?post=18946"},{"taxonomy":"post_tag","embeddable":true,"href":"https:\/\/home.graf-rasso-gymnasium.de\/home\/wp-json\/wp\/v2\/tags?post=18946"}],"curies":[{"name":"wp","href":"https:\/\/api.w.org\/{rel}","templated":true}]}}