{"id":2857,"date":"2006-07-30T18:45:45","date_gmt":"2006-07-30T16:45:45","guid":{"rendered":"https:\/\/home.graf-rasso-gymnasium.de\/home\/?p=2857"},"modified":"2018-02-19T15:03:04","modified_gmt":"2018-02-19T14:03:04","slug":"mittelstufenschueler-sahen-ben-hur-live","status":"publish","type":"post","link":"https:\/\/home.graf-rasso-gymnasium.de\/home\/2006\/07\/mittelstufenschueler-sahen-ben-hur-live\/","title":{"rendered":"Mittelstufensch\u00fcler sahen Ben Hur Live"},"content":{"rendered":"<p><img loading=\"lazy\" decoding=\"async\" src=\"https:\/\/home.graf-rasso-gymnasium.de\/home\/files\/2013-14\/latein_legionk.gif\" alt=\"latein_legionk\" width=\"492\" height=\"369\" class=\"alignnone size-full wp-image-2860\" \/><\/p>\n<p>Magnam victoriam rettulisti! &#8211; Dieser Satz brachte die Wende im Leben des Judah Ben Hur in der gleichnamigen Geschichte, die in der Olympiahalle M\u00fcnchen am 30.10.2009 in einer spektakul\u00e4ren Vorstellung zur B\u00fchne gebracht wurde. Nach dem Sieg der R\u00f6mer \u00fcber die Piraten &#8211; in einer sehr kreativ gestalteten Seeschlacht ohne Wasser &#8211; gelang es Ben Hur, nicht nur dem Kommandeur der r\u00f6mischen Flotte das Leben zu retten, sondern dadurch auch zu bewirken, als dessen Adoptivsohn in Rom und als Wagenlenker Karriere zu machen.<\/p>\n<p><img loading=\"lazy\" decoding=\"async\" src=\"https:\/\/home.graf-rasso-gymnasium.de\/home\/files\/2013-14\/latein_schlacht.gif\" alt=\"latein_schlacht\" width=\"491\" height=\"369\" class=\"alignnone size-full wp-image-2859\" \/><\/p>\n<p>50 Jahre nach der Verfilmung des Roman-Bestsellers wurde dieser nun erstmals live aufgef\u00fchrt. Begleitet von ihren Lehrkr\u00e4ften Frau Meyr, Frau Then und Herrn Zink konnten die Lateinsch\u00fcler der Klassen 9a, 10a und 10d und andere interessierte Sch\u00fcler diese Auff\u00fchrung genie\u00dfen und ihr Latein testen. Denn die Dialoge waren ausschlie\u00dflich in Latein und Aram\u00e4isch! Allerdings f\u00fchrte der Schauspieler Ben Becker als Erz\u00e4hler durch die Geschichte.<\/p>\n<p><img loading=\"lazy\" decoding=\"async\" src=\"https:\/\/home.graf-rasso-gymnasium.de\/home\/files\/2013-14\/latein_renn.gif\" alt=\"latein_renn\" width=\"491\" height=\"369\" class=\"alignnone size-full wp-image-2858\" \/><\/p>\n<p>Den H\u00f6hepunkt der Auff\u00fchrung bildete nat\u00fcrlich das legend\u00e4re Wagenrennen mit f\u00fcnf Quadriga-Gespannen. Aber auch sonst wurde viel gespielt mit Licht, Farben, Musik und gleichzeitigen Inszenierungen an unterschiedlichen Pl\u00e4tzen der riesigen Arena, was die Darbietung f\u00fcr alle Sch\u00fcler zu einem unvergesslichen Erlebnis machte.<\/p>\n<p>Text und Photos: K. Then <\/p>\n","protected":false},"excerpt":{"rendered":"<p>Magnam victoriam rettulisti! &#8211; Dieser Satz brachte die Wende im Leben des Judah Ben Hur in der gleichnamigen Geschichte, die in der Olympiahalle M\u00fcnchen am 30.10.2009 in einer spektakul\u00e4ren Vorstellung zur B\u00fchne gebracht wurde. Nach dem Sieg der R\u00f6mer \u00fcber die Piraten &#8211; in einer sehr kreativ gestalteten Seeschlacht ohne Wasser &#8211; gelang es Ben [&hellip;]<\/p>\n","protected":false},"author":2,"featured_media":2860,"comment_status":"closed","ping_status":"closed","sticky":false,"template":"","format":"standard","meta":{"footnotes":""},"categories":[23,224,150],"tags":[201],"class_list":["post-2857","post","type-post","status-publish","format-standard","has-post-thumbnail","hentry","category-latein","category-latein-veranstaltungen","category-2005-2006","tag-latein"],"_links":{"self":[{"href":"https:\/\/home.graf-rasso-gymnasium.de\/home\/wp-json\/wp\/v2\/posts\/2857","targetHints":{"allow":["GET"]}}],"collection":[{"href":"https:\/\/home.graf-rasso-gymnasium.de\/home\/wp-json\/wp\/v2\/posts"}],"about":[{"href":"https:\/\/home.graf-rasso-gymnasium.de\/home\/wp-json\/wp\/v2\/types\/post"}],"author":[{"embeddable":true,"href":"https:\/\/home.graf-rasso-gymnasium.de\/home\/wp-json\/wp\/v2\/users\/2"}],"replies":[{"embeddable":true,"href":"https:\/\/home.graf-rasso-gymnasium.de\/home\/wp-json\/wp\/v2\/comments?post=2857"}],"version-history":[{"count":3,"href":"https:\/\/home.graf-rasso-gymnasium.de\/home\/wp-json\/wp\/v2\/posts\/2857\/revisions"}],"predecessor-version":[{"id":4950,"href":"https:\/\/home.graf-rasso-gymnasium.de\/home\/wp-json\/wp\/v2\/posts\/2857\/revisions\/4950"}],"wp:featuredmedia":[{"embeddable":true,"href":"https:\/\/home.graf-rasso-gymnasium.de\/home\/wp-json\/wp\/v2\/media\/2860"}],"wp:attachment":[{"href":"https:\/\/home.graf-rasso-gymnasium.de\/home\/wp-json\/wp\/v2\/media?parent=2857"}],"wp:term":[{"taxonomy":"category","embeddable":true,"href":"https:\/\/home.graf-rasso-gymnasium.de\/home\/wp-json\/wp\/v2\/categories?post=2857"},{"taxonomy":"post_tag","embeddable":true,"href":"https:\/\/home.graf-rasso-gymnasium.de\/home\/wp-json\/wp\/v2\/tags?post=2857"}],"curies":[{"name":"wp","href":"https:\/\/api.w.org\/{rel}","templated":true}]}}