{"id":4777,"date":"2014-07-04T05:05:23","date_gmt":"2014-07-04T04:05:23","guid":{"rendered":"https:\/\/home.graf-rasso-gymnasium.de\/home\/?p=4777"},"modified":"2014-07-26T10:08:37","modified_gmt":"2014-07-26T09:08:37","slug":"pausenradio-am-4-juli","status":"publish","type":"post","link":"https:\/\/home.graf-rasso-gymnasium.de\/home\/2014\/07\/pausenradio-am-4-juli\/","title":{"rendered":"PausenRadio am 4. Juli"},"content":{"rendered":"<p>Liebe Sch\u00fclerinnen und Sch\u00fcler,<\/p>\n<p>die SMV f\u00fchrt am 4.7.2014 wieder ein PausenRadio durch. Dieses wird in Zukunft immer am 1. Freitag des Monats stattfinden. Dieses Mal gibt es keine Abstimmung \u00fcber das Programm des PausenRadios, da dies das letzte PausenRadio des Schuljahres 2013\/14 ist.<\/p>\n<p>Es werden Songs aus den derzeitigen Top-Twenty (<a title=\"MTV-Germany Hitlist Top 100\" href=\"http:\/\/www.mtv.de\/charts\/5-hitlist-germany-top-100\" target=\"_blank\">Hitlist des MTV-Germany<\/a>) gespielt.<\/p>\n<p>Viele Gr\u00fc\u00dfe,<br \/>\neure SMV<\/p>\n","protected":false},"excerpt":{"rendered":"<p>Liebe Sch\u00fclerinnen und Sch\u00fcler, die SMV f\u00fchrt am 4.7.2014 wieder ein PausenRadio durch. Dieses wird in Zukunft immer am 1. Freitag des Monats stattfinden. Dieses Mal gibt es keine Abstimmung \u00fcber das Programm des PausenRadios, da dies das letzte PausenRadio des Schuljahres 2013\/14 ist. Es werden Songs aus den derzeitigen Top-Twenty (Hitlist des MTV-Germany) gespielt. [&hellip;]<\/p>\n","protected":false},"author":2,"featured_media":0,"comment_status":"closed","ping_status":"closed","sticky":false,"template":"","format":"standard","meta":{"footnotes":""},"categories":[46,141],"tags":[126],"class_list":["post-4777","post","type-post","status-publish","format-standard","hentry","category-feste-und-aktionen-der-smv","category-2013-2014","tag-smv"],"_links":{"self":[{"href":"https:\/\/home.graf-rasso-gymnasium.de\/home\/wp-json\/wp\/v2\/posts\/4777","targetHints":{"allow":["GET"]}}],"collection":[{"href":"https:\/\/home.graf-rasso-gymnasium.de\/home\/wp-json\/wp\/v2\/posts"}],"about":[{"href":"https:\/\/home.graf-rasso-gymnasium.de\/home\/wp-json\/wp\/v2\/types\/post"}],"author":[{"embeddable":true,"href":"https:\/\/home.graf-rasso-gymnasium.de\/home\/wp-json\/wp\/v2\/users\/2"}],"replies":[{"embeddable":true,"href":"https:\/\/home.graf-rasso-gymnasium.de\/home\/wp-json\/wp\/v2\/comments?post=4777"}],"version-history":[{"count":2,"href":"https:\/\/home.graf-rasso-gymnasium.de\/home\/wp-json\/wp\/v2\/posts\/4777\/revisions"}],"predecessor-version":[{"id":4780,"href":"https:\/\/home.graf-rasso-gymnasium.de\/home\/wp-json\/wp\/v2\/posts\/4777\/revisions\/4780"}],"wp:attachment":[{"href":"https:\/\/home.graf-rasso-gymnasium.de\/home\/wp-json\/wp\/v2\/media?parent=4777"}],"wp:term":[{"taxonomy":"category","embeddable":true,"href":"https:\/\/home.graf-rasso-gymnasium.de\/home\/wp-json\/wp\/v2\/categories?post=4777"},{"taxonomy":"post_tag","embeddable":true,"href":"https:\/\/home.graf-rasso-gymnasium.de\/home\/wp-json\/wp\/v2\/tags?post=4777"}],"curies":[{"name":"wp","href":"https:\/\/api.w.org\/{rel}","templated":true}]}}