{"id":4898,"date":"2014-07-26T09:35:14","date_gmt":"2014-07-26T07:35:14","guid":{"rendered":"https:\/\/home.graf-rasso-gymnasium.de\/home\/?p=4898"},"modified":"2014-10-09T10:59:14","modified_gmt":"2014-10-09T08:59:14","slug":"sommerkonzert-2014","status":"publish","type":"post","link":"https:\/\/home.graf-rasso-gymnasium.de\/home\/2014\/07\/sommerkonzert-2014\/","title":{"rendered":"Sommerkonzert 2014"},"content":{"rendered":"<p>\u00dcber 200 Sch\u00fclerinnen und Sch\u00fcler sangen und musizierten mit gro\u00dfer Freude und mit viel Engagement in den verschiedensten Ensembles &#8211; beim traditionellen Sommerkonzert des Graf-Rasso-Gymnasiums, das am Donnerstag in der bis auf den letzten Platz  besetzten Aula der Schule stattfand, zeigten alle Beteiligten, was sie im Laufe des nun zu Ende gehenden Schuljahres in zahlreichen Proben \u2013 und nicht zuletzt w\u00e4hrend der Probentage im Allg\u00e4u \u2013 gemeinsam miteinander erarbeitet hatten.<\/p>\n<p><img loading=\"lazy\" decoding=\"async\" src=\"https:\/\/home.graf-rasso-gymnasium.de\/home\/files\/2013-14\/sommerkonzert_2014.jpg\" alt=\"sommerkonzert_2014\" width=\"600\" height=\"848\" class=\"alignnone size-full wp-image-4918\" srcset=\"https:\/\/home.graf-rasso-gymnasium.de\/home\/files\/2013-14\/sommerkonzert_2014.jpg 600w, https:\/\/home.graf-rasso-gymnasium.de\/home\/files\/2013-14\/sommerkonzert_2014-212x300.jpg 212w\" sizes=\"auto, (max-width: 600px) 100vw, 600px\" \/><\/p>\n<p>Den fulminanten Auftakt \u00fcbernahm das gro\u00dfe und stetig wachsende Orchester unter der Leitung von Andrea Onder. Ein weiterer H\u00f6hepunkt des Programms war der  mitrei\u00dfenden  Auftritt des Unterstufenchors, den in diesem Jahr Cornelia Kappenschneider leitete. Sowohl die Auswahl der St\u00fccke (u.a. &#8222;Happy&#8220; von Pharell Williams) als auch die schwungvolle Choreografie begeisterten das Publikum. Eine Besonderheit bei diesem Konzert waren die Auftritte von Chor und Orchester der amerikanischen Austauschsch\u00fcler der Bartlett High School und South Elgin High School. Als sehr eindrucksvoll erwiesen sich die gemeinsam mit dem Gro\u00dfen Chor des Graf-Rasso Gymnasiums einstudierten und vorgetragenen Songs wie z.B. Coldplays &#8222;Viva la Vida&#8220; und Robbie Williams&#8216; &#8222;Let me entertain you&#8220; unter der Leitung von Karen Brhel und Konstanze Landgraf. Nach der Pause sorgte das Offspring Orchestra, welches von Georg Alkofer geleitet wird, f\u00fcr weiteren Schwung. Die Nachwuchsmusiker beeindruckten mit Hits wie &#8222;Rolling in the deep&#8220; und &#8222;Thriller&#8220;. Neben den gr\u00f6\u00dferen Ensembles traten auch zahlreiche kleinere Bands auf, in denen zum Teil besonders talentierte Solisten auftraten. Den Abschluss bildetete in gewohnt souver\u00e4ner Weise die Big Band unter der Leitung von Birgit Braun \u2013 eigentlich, denn es gab danach noch eine \u00dcberraschung f\u00fcr das Publikum:  Andrea Onder versammelte noch einmal alle mitwirkenden Musiker und dirigierte unter Einbeziehung aller Besucher &#8222;Somewhere over the Rainbow&#8220; somit das Finale.<\/p>\n<p>(Braun\/Landgraf)<\/p>\n","protected":false},"excerpt":{"rendered":"<p>\u00dcber 200 Sch\u00fclerinnen und Sch\u00fcler sangen und musizierten mit gro\u00dfer Freude und mit viel Engagement in den verschiedensten Ensembles &#8211; beim traditionellen Sommerkonzert des Graf-Rasso-Gymnasiums, das am Donnerstag in der bis auf den letzten Platz besetzten Aula der Schule stattfand, zeigten alle Beteiligten, was sie im Laufe des nun zu Ende gehenden Schuljahres in zahlreichen [&hellip;]<\/p>\n","protected":false},"author":2,"featured_media":4918,"comment_status":"closed","ping_status":"closed","sticky":false,"template":"","format":"standard","meta":{"footnotes":""},"categories":[46,12,141],"tags":[168,192],"class_list":["post-4898","post","type-post","status-publish","format-standard","has-post-thumbnail","hentry","category-feste-und-aktionen-der-smv","category-musik","category-2013-2014","tag-konzerte","tag-musik"],"_links":{"self":[{"href":"https:\/\/home.graf-rasso-gymnasium.de\/home\/wp-json\/wp\/v2\/posts\/4898","targetHints":{"allow":["GET"]}}],"collection":[{"href":"https:\/\/home.graf-rasso-gymnasium.de\/home\/wp-json\/wp\/v2\/posts"}],"about":[{"href":"https:\/\/home.graf-rasso-gymnasium.de\/home\/wp-json\/wp\/v2\/types\/post"}],"author":[{"embeddable":true,"href":"https:\/\/home.graf-rasso-gymnasium.de\/home\/wp-json\/wp\/v2\/users\/2"}],"replies":[{"embeddable":true,"href":"https:\/\/home.graf-rasso-gymnasium.de\/home\/wp-json\/wp\/v2\/comments?post=4898"}],"version-history":[{"count":8,"href":"https:\/\/home.graf-rasso-gymnasium.de\/home\/wp-json\/wp\/v2\/posts\/4898\/revisions"}],"predecessor-version":[{"id":5619,"href":"https:\/\/home.graf-rasso-gymnasium.de\/home\/wp-json\/wp\/v2\/posts\/4898\/revisions\/5619"}],"wp:featuredmedia":[{"embeddable":true,"href":"https:\/\/home.graf-rasso-gymnasium.de\/home\/wp-json\/wp\/v2\/media\/4918"}],"wp:attachment":[{"href":"https:\/\/home.graf-rasso-gymnasium.de\/home\/wp-json\/wp\/v2\/media?parent=4898"}],"wp:term":[{"taxonomy":"category","embeddable":true,"href":"https:\/\/home.graf-rasso-gymnasium.de\/home\/wp-json\/wp\/v2\/categories?post=4898"},{"taxonomy":"post_tag","embeddable":true,"href":"https:\/\/home.graf-rasso-gymnasium.de\/home\/wp-json\/wp\/v2\/tags?post=4898"}],"curies":[{"name":"wp","href":"https:\/\/api.w.org\/{rel}","templated":true}]}}