{"id":5231,"date":"2014-07-29T09:40:36","date_gmt":"2014-07-29T07:40:36","guid":{"rendered":"https:\/\/home.graf-rasso-gymnasium.de\/home\/?p=5231"},"modified":"2014-10-09T10:59:23","modified_gmt":"2014-10-09T08:59:23","slug":"5231","status":"publish","type":"post","link":"https:\/\/home.graf-rasso-gymnasium.de\/home\/2014\/07\/5231\/","title":{"rendered":"Spenden der SMV"},"content":{"rendered":"<p>Stolze 3.096 Euro &#8211; diese Summe erwirtschaftete die Sch\u00fclermitverantwortung des Graf-Rasso-Gymnasiums F\u00fcrstenfeldbruck beim SMV-Weihnachtsbasar im Dezember 2013. Im Rahmen des j\u00e4hrlichen Sommerfestes konnte der Reinerl\u00f6s nun zu gleichen Teilen an drei Organisationen \u00fcbergeben werden, die sich f\u00fcr verschiedene Anliegen einsetzen, die auch den Sch\u00fclerinnen und Sch\u00fclern des Graf-Rasso-Gymnasiums besonders am Herzen liegen. Jeweils 1.032 Euro gehen an das &#8222;10-Cent-Projekt&#8220; der Bezirkssch\u00fclersprecher des Bezirks Oberbayern-West, das sich daf\u00fcr einsetzt, den Regenwald im Amazonasgebiet vor der Abholzung zu sch\u00fctzen, an die Stiftung &#8222;Wings of hope&#8220;, deren Schwerpunkt in der psychosozialen Hilfe f\u00fcr Kinder und Jugendliche liegt, die durch Kriege und Gewalt traumatisiert wurden, sowie die Stiftung &#8222;Kinderhilfe F\u00fcrstenfeldbruck&#8220;, die sich vor Ort zugunsten von Kindern engagiert.<\/p>\n<p><img loading=\"lazy\" decoding=\"async\" src=\"https:\/\/home.graf-rasso-gymnasium.de\/home\/files\/2013-14\/spenden\u00fcbergabe_sommerfest_2013.jpg\" alt=\"spenden\u00fcbergabe_sommerfest_2013\" width=\"600\" height=\"400\" class=\"alignnone size-full wp-image-5232\" srcset=\"https:\/\/home.graf-rasso-gymnasium.de\/home\/files\/2013-14\/spenden\u00fcbergabe_sommerfest_2013.jpg 600w, https:\/\/home.graf-rasso-gymnasium.de\/home\/files\/2013-14\/spenden\u00fcbergabe_sommerfest_2013-300x200.jpg 300w\" sizes=\"auto, (max-width: 600px) 100vw, 600px\" \/><\/p>\n<p>Unser Bild zeigt (v. l.): 2. Sch\u00fclersprecher Luca Koukounakis, den Vertreter der Stiftung \u201eWings of hope\u201c, Kilian Prieto Peral, 1. Sch\u00fclersprecher Tim Gr\u00fcbl, Schulleiterin Doris H\u00fcbler und Jost Brockmann, den Vorstandsvorsitzenden der  Stiftung Kinderhilfe F\u00fcrstenfeldbruck.<\/p>\n","protected":false},"excerpt":{"rendered":"<p>Stolze 3.096 Euro &#8211; diese Summe erwirtschaftete die Sch\u00fclermitverantwortung des Graf-Rasso-Gymnasiums F\u00fcrstenfeldbruck beim SMV-Weihnachtsbasar im Dezember 2013. Im Rahmen des j\u00e4hrlichen Sommerfestes konnte der Reinerl\u00f6s nun zu gleichen Teilen an drei Organisationen \u00fcbergeben werden, die sich f\u00fcr verschiedene Anliegen einsetzen, die auch den Sch\u00fclerinnen und Sch\u00fclern des Graf-Rasso-Gymnasiums besonders am Herzen liegen. Jeweils 1.032 Euro [&hellip;]<\/p>\n","protected":false},"author":2,"featured_media":5232,"comment_status":"closed","ping_status":"closed","sticky":false,"template":"","format":"standard","meta":{"footnotes":""},"categories":[63,141],"tags":[126],"class_list":["post-5231","post","type-post","status-publish","format-standard","has-post-thumbnail","hentry","category-nachrichten","category-2013-2014","tag-smv"],"_links":{"self":[{"href":"https:\/\/home.graf-rasso-gymnasium.de\/home\/wp-json\/wp\/v2\/posts\/5231","targetHints":{"allow":["GET"]}}],"collection":[{"href":"https:\/\/home.graf-rasso-gymnasium.de\/home\/wp-json\/wp\/v2\/posts"}],"about":[{"href":"https:\/\/home.graf-rasso-gymnasium.de\/home\/wp-json\/wp\/v2\/types\/post"}],"author":[{"embeddable":true,"href":"https:\/\/home.graf-rasso-gymnasium.de\/home\/wp-json\/wp\/v2\/users\/2"}],"replies":[{"embeddable":true,"href":"https:\/\/home.graf-rasso-gymnasium.de\/home\/wp-json\/wp\/v2\/comments?post=5231"}],"version-history":[{"count":4,"href":"https:\/\/home.graf-rasso-gymnasium.de\/home\/wp-json\/wp\/v2\/posts\/5231\/revisions"}],"predecessor-version":[{"id":5620,"href":"https:\/\/home.graf-rasso-gymnasium.de\/home\/wp-json\/wp\/v2\/posts\/5231\/revisions\/5620"}],"wp:featuredmedia":[{"embeddable":true,"href":"https:\/\/home.graf-rasso-gymnasium.de\/home\/wp-json\/wp\/v2\/media\/5232"}],"wp:attachment":[{"href":"https:\/\/home.graf-rasso-gymnasium.de\/home\/wp-json\/wp\/v2\/media?parent=5231"}],"wp:term":[{"taxonomy":"category","embeddable":true,"href":"https:\/\/home.graf-rasso-gymnasium.de\/home\/wp-json\/wp\/v2\/categories?post=5231"},{"taxonomy":"post_tag","embeddable":true,"href":"https:\/\/home.graf-rasso-gymnasium.de\/home\/wp-json\/wp\/v2\/tags?post=5231"}],"curies":[{"name":"wp","href":"https:\/\/api.w.org\/{rel}","templated":true}]}}