{"id":564,"date":"2008-09-22T19:26:00","date_gmt":"2008-09-22T17:26:00","guid":{"rendered":"https:\/\/home.graf-rasso-gymnasium.de\/home\/zur-einweihung-der-elster-silberflug\/"},"modified":"2014-07-26T10:13:40","modified_gmt":"2014-07-26T09:13:40","slug":"zur-einweihung-der-elster-silberflug","status":"publish","type":"post","link":"https:\/\/home.graf-rasso-gymnasium.de\/home\/2008\/09\/zur-einweihung-der-elster-silberflug\/","title":{"rendered":"Zur Einweihung: Der Elster Silberflug"},"content":{"rendered":"<p>Mit ihrem szenisch-akrobatischen Spiel &#8222;Schl\u00fcsselerlebnis&#8220; begeisterten Annabella Wolf (K13) und ihre Mitturner die G\u00e4ste der Einweihungsfeier f\u00fcr das neue Schulzentrum am 20.9.2008. In unserer Serie zum Schuljahresbeginn \u00fcber die verschiedenen &#8222;Premieren&#8220; am GRG bieten wir hier Impressionen von Annabellas Auftritt als ersten Beitrag.&nbsp;<\/p>\n<p><img decoding=\"async\" title=\"Image\" src=\"https:\/\/home.graf-rasso-gymnasium.de\/home\/files\/2008\/09\/schluessela.jpg\" alt=\"Image\" \/><\/p>\n<p><img decoding=\"async\" title=\"Image\" src=\"https:\/\/home.graf-rasso-gymnasium.de\/home\/files\/2008\/09\/schluesselb.jpg\" alt=\"Image\" \/><\/p>\n<p><img decoding=\"async\" title=\"Image\" src=\"https:\/\/home.graf-rasso-gymnasium.de\/home\/files\/2008\/09\/schluesselc.jpg\" alt=\"Image\" \/><\/p>\n<p><img decoding=\"async\" title=\"Image\" src=\"https:\/\/home.graf-rasso-gymnasium.de\/home\/files\/2008\/09\/schluesseld.jpg\" alt=\"Image\" \/><\/p>\n<p><img loading=\"lazy\" decoding=\"async\" title=\"Image\" src=\"https:\/\/home.graf-rasso-gymnasium.de\/home\/files\/2008\/09\/schluessele.jpg\" border=\"0\" alt=\"Image\" width=\"492\" height=\"680\" \/><\/p>\n<p><img decoding=\"async\" title=\"Image\" src=\"https:\/\/home.graf-rasso-gymnasium.de\/home\/files\/2008\/09\/schluesself.jpg\" alt=\"Image\" \/><\/p>\n<p><img decoding=\"async\" title=\"Image\" src=\"https:\/\/home.graf-rasso-gymnasium.de\/home\/files\/2008\/09\/schluesselg.jpg\" alt=\"Image\" \/><\/p>\n<p><img loading=\"lazy\" decoding=\"async\" title=\"Image\" src=\"https:\/\/home.graf-rasso-gymnasium.de\/home\/files\/2008\/09\/schluesselh.jpg\" border=\"0\" alt=\"Image\" width=\"356\" height=\"828\" \/><\/p>\n<p><img decoding=\"async\" title=\"Image\" src=\"https:\/\/home.graf-rasso-gymnasium.de\/home\/files\/2008\/09\/schluesseli.jpg\" alt=\"Image\" \/><\/p>\n","protected":false},"excerpt":{"rendered":"<p>Mit ihrem szenisch-akrobatischen Spiel &#8222;Schl\u00fcsselerlebnis&#8220; begeisterten Annabella Wolf (K13) und ihre Mitturner die G\u00e4ste der Einweihungsfeier f\u00fcr das neue Schulzentrum am 20.9.2008. In unserer Serie zum Schuljahresbeginn \u00fcber die verschiedenen &#8222;Premieren&#8220; am GRG bieten wir hier Impressionen von Annabellas Auftritt als ersten Beitrag.&nbsp;<\/p>\n","protected":false},"author":2,"featured_media":555,"comment_status":"closed","ping_status":"closed","sticky":false,"template":"","format":"standard","meta":{"footnotes":""},"categories":[62,153],"tags":[164],"class_list":["post-564","post","type-post","status-publish","format-standard","has-post-thumbnail","hentry","category-neubau-und-umzug","category-2008-2009","tag-feste-und-feiern"],"_links":{"self":[{"href":"https:\/\/home.graf-rasso-gymnasium.de\/home\/wp-json\/wp\/v2\/posts\/564","targetHints":{"allow":["GET"]}}],"collection":[{"href":"https:\/\/home.graf-rasso-gymnasium.de\/home\/wp-json\/wp\/v2\/posts"}],"about":[{"href":"https:\/\/home.graf-rasso-gymnasium.de\/home\/wp-json\/wp\/v2\/types\/post"}],"author":[{"embeddable":true,"href":"https:\/\/home.graf-rasso-gymnasium.de\/home\/wp-json\/wp\/v2\/users\/2"}],"replies":[{"embeddable":true,"href":"https:\/\/home.graf-rasso-gymnasium.de\/home\/wp-json\/wp\/v2\/comments?post=564"}],"version-history":[{"count":1,"href":"https:\/\/home.graf-rasso-gymnasium.de\/home\/wp-json\/wp\/v2\/posts\/564\/revisions"}],"predecessor-version":[{"id":5131,"href":"https:\/\/home.graf-rasso-gymnasium.de\/home\/wp-json\/wp\/v2\/posts\/564\/revisions\/5131"}],"wp:featuredmedia":[{"embeddable":true,"href":"https:\/\/home.graf-rasso-gymnasium.de\/home\/wp-json\/wp\/v2\/media\/555"}],"wp:attachment":[{"href":"https:\/\/home.graf-rasso-gymnasium.de\/home\/wp-json\/wp\/v2\/media?parent=564"}],"wp:term":[{"taxonomy":"category","embeddable":true,"href":"https:\/\/home.graf-rasso-gymnasium.de\/home\/wp-json\/wp\/v2\/categories?post=564"},{"taxonomy":"post_tag","embeddable":true,"href":"https:\/\/home.graf-rasso-gymnasium.de\/home\/wp-json\/wp\/v2\/tags?post=564"}],"curies":[{"name":"wp","href":"https:\/\/api.w.org\/{rel}","templated":true}]}}