{"id":5766,"date":"2014-11-20T16:09:17","date_gmt":"2014-11-20T15:09:17","guid":{"rendered":"https:\/\/home.graf-rasso-gymnasium.de\/home\/?p=5766"},"modified":"2015-01-31T08:35:23","modified_gmt":"2015-01-31T07:35:23","slug":"gerda-hasselfeldt-besucht-graf-rasso-getraenke","status":"publish","type":"post","link":"https:\/\/home.graf-rasso-gymnasium.de\/home\/2014\/11\/gerda-hasselfeldt-besucht-graf-rasso-getraenke\/","title":{"rendered":"Gerda Hasselfeldt besucht Graf-Rasso-Getr\u00e4nke"},"content":{"rendered":"<p><img loading=\"lazy\" decoding=\"async\" style=\"float:right; margin-left:10px; margin-bottom:10px;\"  src=\"https:\/\/home.graf-rasso-gymnasium.de\/home\/files\/2014-15\/framania_grg_getraenke_2-251x300.jpg\" alt=\"framania_grg_getraenke_2\" width=\"251\" height=\"300\" class=\"alignnone size-medium wp-image-5775\" srcset=\"https:\/\/home.graf-rasso-gymnasium.de\/home\/files\/2014-15\/framania_grg_getraenke_2-251x300.jpg 251w, https:\/\/home.graf-rasso-gymnasium.de\/home\/files\/2014-15\/framania_grg_getraenke_2.jpg 400w\" sizes=\"auto, (max-width: 251px) 100vw, 251px\" \/>Am 18. November empfing das Juniorunternehmen <em>Graf Rasso Getr\u00e4nke<\/em> hohen Besuch aus Berlin. Nachdem der Unternehmenssprecher Tim Gr\u00fcbl eine Einladung in den Bundestag im Fr\u00fchjahr 2014 bereits dankend angenommen hatte, besuchte die CSU-Landesgruppenvorsitzende Gerda Hasselfeldt die jungen Unternehmer bei einer ihrer Sitzungen im Graf Rasso Gymnasium. Mit Framania als Sitzungsgetr\u00e4nk stellte die Vorstandsvorsitzende Lisa Br\u00fcckmann die Mitglieder, das Produkt und das Projekt an sich vor. Darauf folgten noch zahlreiche Berichte \u00fcber die Infomessen in Ingolstadt und Regensburg und der gedrehte Werbespot wurde gezeigt. Nach der Vorstellung bekam Frau Hasselfeldt einen exklusiven Einblick in die Sitzungen von <em>Graf Rasso Getr\u00e4nke.<\/em> Bei der Diskussion \u00fcber Finanzen, erneute Produktionen und weiteren Verkaufsstandorten konnte sich die CSU-Landesgrupppenvorsitzende ein gutes Bild \u00fcber die Vorg\u00e4nge eines Juniorunternehmens machen. Bereits in Berlin zeigte sie sich begeistert von dem Projekt und der Produktidee der Sch\u00fcler. &#8222;Ich merke wirklich, dass es euch Spa\u00df macht und man sieht ja, dass ihr damit sehr erfolgreich seid. Ich muss auch sagen, dass Framania wirklich gut schmeckt!&#8220;, meinte sie, nachdem sie das Rasso-Getr\u00e4nk bereits nach kurzer Zeit ausgetrunken hatte. Sie verabschiedete sich mit guten neuen Eindr\u00fccken und freue sich bereits auf die Hauptversammlung im Januar 2015. Auch die Mitglieder von <em>Graf Rasso Getr\u00e4nke<\/em> freuten sich, Frau Hasselfeldt mitteilen zu k\u00f6nnen, dass am selben Tag eine weiter Produktion von 2000 Flaschen beschlossen und vollzogen wurde.<\/p>\n<p><img loading=\"lazy\" decoding=\"async\" src=\"https:\/\/home.graf-rasso-gymnasium.de\/home\/files\/2014-15\/framania_grg_getraenke_1.jpg\" alt=\"framania_grg_getraenke_1\" width=\"600\" height=\"331\" class=\"alignnone size-full wp-image-5768\" srcset=\"https:\/\/home.graf-rasso-gymnasium.de\/home\/files\/2014-15\/framania_grg_getraenke_1.jpg 600w, https:\/\/home.graf-rasso-gymnasium.de\/home\/files\/2014-15\/framania_grg_getraenke_1-300x165.jpg 300w\" sizes=\"auto, (max-width: 600px) 100vw, 600px\" \/><\/p>\n","protected":false},"excerpt":{"rendered":"<p>Am 18. November empfing das Juniorunternehmen Graf Rasso Getr\u00e4nke hohen Besuch aus Berlin. Nachdem der Unternehmenssprecher Tim Gr\u00fcbl eine Einladung in den Bundestag im Fr\u00fchjahr 2014 bereits dankend angenommen hatte, besuchte die CSU-Landesgruppenvorsitzende Gerda Hasselfeldt die jungen Unternehmer bei einer ihrer Sitzungen im Graf Rasso Gymnasium. Mit Framania als Sitzungsgetr\u00e4nk stellte die Vorstandsvorsitzende Lisa Br\u00fcckmann [&hellip;]<\/p>\n","protected":false},"author":2,"featured_media":5775,"comment_status":"closed","ping_status":"closed","sticky":false,"template":"","format":"standard","meta":{"footnotes":""},"categories":[146,11],"tags":[166,170,197],"class_list":["post-5766","post","type-post","status-publish","format-standard","has-post-thumbnail","hentry","category-2014-2015","category-wirtschaftrecht","tag-gaeste","tag-seminare","tag-wirtschaftrecht"],"_links":{"self":[{"href":"https:\/\/home.graf-rasso-gymnasium.de\/home\/wp-json\/wp\/v2\/posts\/5766","targetHints":{"allow":["GET"]}}],"collection":[{"href":"https:\/\/home.graf-rasso-gymnasium.de\/home\/wp-json\/wp\/v2\/posts"}],"about":[{"href":"https:\/\/home.graf-rasso-gymnasium.de\/home\/wp-json\/wp\/v2\/types\/post"}],"author":[{"embeddable":true,"href":"https:\/\/home.graf-rasso-gymnasium.de\/home\/wp-json\/wp\/v2\/users\/2"}],"replies":[{"embeddable":true,"href":"https:\/\/home.graf-rasso-gymnasium.de\/home\/wp-json\/wp\/v2\/comments?post=5766"}],"version-history":[{"count":8,"href":"https:\/\/home.graf-rasso-gymnasium.de\/home\/wp-json\/wp\/v2\/posts\/5766\/revisions"}],"predecessor-version":[{"id":5774,"href":"https:\/\/home.graf-rasso-gymnasium.de\/home\/wp-json\/wp\/v2\/posts\/5766\/revisions\/5774"}],"wp:featuredmedia":[{"embeddable":true,"href":"https:\/\/home.graf-rasso-gymnasium.de\/home\/wp-json\/wp\/v2\/media\/5775"}],"wp:attachment":[{"href":"https:\/\/home.graf-rasso-gymnasium.de\/home\/wp-json\/wp\/v2\/media?parent=5766"}],"wp:term":[{"taxonomy":"category","embeddable":true,"href":"https:\/\/home.graf-rasso-gymnasium.de\/home\/wp-json\/wp\/v2\/categories?post=5766"},{"taxonomy":"post_tag","embeddable":true,"href":"https:\/\/home.graf-rasso-gymnasium.de\/home\/wp-json\/wp\/v2\/tags?post=5766"}],"curies":[{"name":"wp","href":"https:\/\/api.w.org\/{rel}","templated":true}]}}