{"id":6055,"date":"2014-12-10T20:01:06","date_gmt":"2014-12-10T19:01:06","guid":{"rendered":"https:\/\/home.graf-rasso-gymnasium.de\/home\/?p=6055"},"modified":"2015-01-31T08:34:50","modified_gmt":"2015-01-31T07:34:50","slug":"weihnachtsbasar-der-smv-2014","status":"publish","type":"post","link":"https:\/\/home.graf-rasso-gymnasium.de\/home\/2014\/12\/weihnachtsbasar-der-smv-2014\/","title":{"rendered":"Weihnachtsbasar der SMV 2014"},"content":{"rendered":"<p><img loading=\"lazy\" decoding=\"async\" class=\"alignleft size-medium wp-image-6057\" src=\"https:\/\/home.graf-rasso-gymnasium.de\/home\/files\/2014-15\/Weihnachtsbasar-300x200.jpg\" alt=\"Weihnachtsbasar\" width=\"300\" height=\"200\" srcset=\"https:\/\/home.graf-rasso-gymnasium.de\/home\/files\/2014-15\/Weihnachtsbasar-300x200.jpg 300w, https:\/\/home.graf-rasso-gymnasium.de\/home\/files\/2014-15\/Weihnachtsbasar-1024x684.jpg 1024w\" sizes=\"auto, (max-width: 300px) 100vw, 300px\" \/>Die zweite Adventsaktion steht auf der Tagesordnung: Nach der Nikolausaktion ist es jetzt der Weihnachtsbasar. Aus jeder Klasse gibt es einen Stand, an dem Essen verkauft, Unterhaltendes angeboten oder Kreativit\u00e4t ausgelebt wird. Am 17.12. kann man den Basar ab 17 Uhr besuchen (aufgebaut wird ab 16 Uhr). Der Erl\u00f6s wird an wohlt\u00e4tige Organisationen gespendet, n\u00e4here Informationen gibt es am Basar selber. Die Schule und die SMV freuen sich \u00fcber zahlreiche Besucher in Weihnachtsstimmung.<\/p>\n<p style=\"text-align: right;\"><em>Bild:<\/em> Zwei anonyme Lehrer mit unserem Nikolaus<\/p>\n","protected":false},"excerpt":{"rendered":"<p>Die zweite Adventsaktion steht auf der Tagesordnung: Nach der Nikolausaktion ist es jetzt der Weihnachtsbasar. Aus jeder Klasse gibt es einen Stand, an dem Essen verkauft, Unterhaltendes angeboten oder Kreativit\u00e4t ausgelebt wird. Am 17.12. kann man den Basar ab 17 Uhr besuchen (aufgebaut wird ab 16 Uhr). Der Erl\u00f6s wird an wohlt\u00e4tige Organisationen gespendet, n\u00e4here [&hellip;]<\/p>\n","protected":false},"author":2,"featured_media":6057,"comment_status":"closed","ping_status":"closed","sticky":false,"template":"","format":"standard","meta":{"footnotes":""},"categories":[46,146],"tags":[126],"class_list":["post-6055","post","type-post","status-publish","format-standard","has-post-thumbnail","hentry","category-feste-und-aktionen-der-smv","category-2014-2015","tag-smv"],"_links":{"self":[{"href":"https:\/\/home.graf-rasso-gymnasium.de\/home\/wp-json\/wp\/v2\/posts\/6055","targetHints":{"allow":["GET"]}}],"collection":[{"href":"https:\/\/home.graf-rasso-gymnasium.de\/home\/wp-json\/wp\/v2\/posts"}],"about":[{"href":"https:\/\/home.graf-rasso-gymnasium.de\/home\/wp-json\/wp\/v2\/types\/post"}],"author":[{"embeddable":true,"href":"https:\/\/home.graf-rasso-gymnasium.de\/home\/wp-json\/wp\/v2\/users\/2"}],"replies":[{"embeddable":true,"href":"https:\/\/home.graf-rasso-gymnasium.de\/home\/wp-json\/wp\/v2\/comments?post=6055"}],"version-history":[{"count":11,"href":"https:\/\/home.graf-rasso-gymnasium.de\/home\/wp-json\/wp\/v2\/posts\/6055\/revisions"}],"predecessor-version":[{"id":6105,"href":"https:\/\/home.graf-rasso-gymnasium.de\/home\/wp-json\/wp\/v2\/posts\/6055\/revisions\/6105"}],"wp:featuredmedia":[{"embeddable":true,"href":"https:\/\/home.graf-rasso-gymnasium.de\/home\/wp-json\/wp\/v2\/media\/6057"}],"wp:attachment":[{"href":"https:\/\/home.graf-rasso-gymnasium.de\/home\/wp-json\/wp\/v2\/media?parent=6055"}],"wp:term":[{"taxonomy":"category","embeddable":true,"href":"https:\/\/home.graf-rasso-gymnasium.de\/home\/wp-json\/wp\/v2\/categories?post=6055"},{"taxonomy":"post_tag","embeddable":true,"href":"https:\/\/home.graf-rasso-gymnasium.de\/home\/wp-json\/wp\/v2\/tags?post=6055"}],"curies":[{"name":"wp","href":"https:\/\/api.w.org\/{rel}","templated":true}]}}