{"id":6446,"date":"2015-07-09T07:35:24","date_gmt":"2015-07-09T05:35:24","guid":{"rendered":"https:\/\/home.graf-rasso-gymnasium.de\/home\/?p=6446"},"modified":"2015-10-13T22:36:09","modified_gmt":"2015-10-13T20:36:09","slug":"jan-uwe-rogge-pubertaet-loslassen-und-halt-geben","status":"publish","type":"post","link":"https:\/\/home.graf-rasso-gymnasium.de\/home\/2015\/07\/jan-uwe-rogge-pubertaet-loslassen-und-halt-geben\/","title":{"rendered":"Einladung zum Vortrag von Jan-Uwe Rogge: Pubert\u00e4t \u2013 Loslassen und Halt geben"},"content":{"rendered":"<h1 style=\"text-align: center;\"><a href=\"http:\/\/www.jan-uwe-rogge.de\">Jan-Uwe Rogge<\/a> @ Graf-Rasso-Gymnasium<\/h1>\n<p style=\"text-align: center;\">am 13.10.2015<br \/>\nVorverkauf: 09.10. am GRG (siehe unten), Buchhandlung Lichtblick, Schreibwaren Schlaegel<\/p>\n<p><img loading=\"lazy\" decoding=\"async\" class=\"aligncenter\" src=\"https:\/\/home.graf-rasso-gymnasium.de\/home\/files\/2014-15\/AF_Rogge_Jan-Uwe_11_b.jpg\" alt=\"Jan-Uwe Rogge\" width=\"185\" height=\"279\" align=\"middle\" \/><\/p>\n<p>Die Pubert\u00e4t der Kinder ist manchmal eine Belastung f\u00fcr die ganze Familie. Stress, Streit und Konflikte pr\u00e4gen den famili\u00e4ren Alltag. Heranwachsende beginnen ganz eigene, hin und wieder auch gefahrvolle Wege zu suchen. Solche Wegsuche ist mit Gef\u00fchlsschwankungen verbunden \u2013 mal himmelhochjauchzend, mal zu Tode betr\u00fcbt; mal einf\u00fchlsam tolerant, mal schroff auflehnend; mal das \u201ekleine\u201c Kind, das man kannte, mal jener unbekannte Heranwachsende mit ganz eigenen, h\u00e4ufig provozierend- schockierenden Ansichten. Eltern sind verunsichert: Wie sollen sie mit ihren pubertierenden Kindern reden, ohne belehrend oder entmutigend zu wirken?<\/p>\n<p>Der Vortrag wendet sich an Eltern von pubertierenden Kindern. Es soll versucht werden, praktische Antworten auf allt\u00e4gliche Erziehungssituationen zu geben.<\/p>\n<h1>Wann:<\/h1>\n<p>Dienstag, der 13.10.2015 um 20:00, Einlass ab 19:30<\/p>\n<h1>Wo:<\/h1>\n<p>Aula des Graf-Rasso-Gymnasiums<\/p>\n<h1>Karten:<\/h1>\n<p>Karten zu EUR10,- incl. Pausengetr\u00e4nk sind erh\u00e4ltlich im Vorverkauf und an der Abendkasse<\/p>\n<ul>\n<li>Vorverkauf: am 09.10. in beiden Pausen (09:25-09:45 bzw. 11:15-11:30) sowie nach der 5. bzw. 6. Stunde (12:15-13:15) im Eingangsbereich des GRG<\/li>\n<li>Buchhandlung Lichtblick (Ludwigstra\u00dfe 4, FFB)<\/li>\n<li>Schreibwaren Schlaegel (Augsburger Str. 6, FFB)<\/li>\n<\/ul>\n","protected":false},"excerpt":{"rendered":"<p>Jan-Uwe Rogge @ Graf-Rasso-Gymnasium am 13.10.2015 Vorverkauf: 09.10. am GRG (siehe unten), Buchhandlung Lichtblick, Schreibwaren Schlaegel Die Pubert\u00e4t der Kinder ist manchmal eine Belastung f\u00fcr die ganze Familie. Stress, Streit und Konflikte pr\u00e4gen den famili\u00e4ren Alltag. Heranwachsende beginnen ganz eigene, hin und wieder auch gefahrvolle Wege zu suchen. Solche Wegsuche ist mit Gef\u00fchlsschwankungen verbunden \u2013 [&hellip;]<\/p>\n","protected":false},"author":13,"featured_media":0,"comment_status":"closed","ping_status":"closed","sticky":false,"template":"","format":"standard","meta":{"footnotes":""},"categories":[40,209],"tags":[191,166],"class_list":["post-6446","post","type-post","status-publish","format-standard","hentry","category-eb-neuigkeiten","category-2015-2016","tag-elternbeirat","tag-gaeste"],"_links":{"self":[{"href":"https:\/\/home.graf-rasso-gymnasium.de\/home\/wp-json\/wp\/v2\/posts\/6446","targetHints":{"allow":["GET"]}}],"collection":[{"href":"https:\/\/home.graf-rasso-gymnasium.de\/home\/wp-json\/wp\/v2\/posts"}],"about":[{"href":"https:\/\/home.graf-rasso-gymnasium.de\/home\/wp-json\/wp\/v2\/types\/post"}],"author":[{"embeddable":true,"href":"https:\/\/home.graf-rasso-gymnasium.de\/home\/wp-json\/wp\/v2\/users\/13"}],"replies":[{"embeddable":true,"href":"https:\/\/home.graf-rasso-gymnasium.de\/home\/wp-json\/wp\/v2\/comments?post=6446"}],"version-history":[{"count":20,"href":"https:\/\/home.graf-rasso-gymnasium.de\/home\/wp-json\/wp\/v2\/posts\/6446\/revisions"}],"predecessor-version":[{"id":6793,"href":"https:\/\/home.graf-rasso-gymnasium.de\/home\/wp-json\/wp\/v2\/posts\/6446\/revisions\/6793"}],"wp:attachment":[{"href":"https:\/\/home.graf-rasso-gymnasium.de\/home\/wp-json\/wp\/v2\/media?parent=6446"}],"wp:term":[{"taxonomy":"category","embeddable":true,"href":"https:\/\/home.graf-rasso-gymnasium.de\/home\/wp-json\/wp\/v2\/categories?post=6446"},{"taxonomy":"post_tag","embeddable":true,"href":"https:\/\/home.graf-rasso-gymnasium.de\/home\/wp-json\/wp\/v2\/tags?post=6446"}],"curies":[{"name":"wp","href":"https:\/\/api.w.org\/{rel}","templated":true}]}}