{"id":6603,"date":"2015-07-03T18:27:34","date_gmt":"2015-07-03T16:27:34","guid":{"rendered":"https:\/\/home.graf-rasso-gymnasium.de\/home\/?p=6603"},"modified":"2015-10-11T17:45:43","modified_gmt":"2015-10-11T15:45:43","slug":"kaenguru-mathematikwettbewerb-2015","status":"publish","type":"post","link":"https:\/\/home.graf-rasso-gymnasium.de\/home\/2015\/07\/kaenguru-mathematikwettbewerb-2015\/","title":{"rendered":"K\u00e4nguru-Mathematikwettbewerb 2015"},"content":{"rendered":"<p><img loading=\"lazy\" decoding=\"async\" src=\"https:\/\/home.graf-rasso-gymnasium.de\/home\/files\/2014-15\/kaenguru_mathe_2015.jpg\" alt=\"kaenguru_mathe_2015\" width=\"400\" height=\"533\" class=\"alignnone size-full wp-image-6605\" srcset=\"https:\/\/home.graf-rasso-gymnasium.de\/home\/files\/2014-15\/kaenguru_mathe_2015.jpg 400w, https:\/\/home.graf-rasso-gymnasium.de\/home\/files\/2014-15\/kaenguru_mathe_2015-225x300.jpg 225w\" sizes=\"auto, (max-width: 400px) 100vw, 400px\" \/><\/p>\n<p>Im letzten Jahr feierte der K\u00e4nguruwettbewerb in Deutschland sein 20j\u00e4hriges Jubil\u00e4um \u2013 die von Jahr zu Jahr steigenden Teilnehmerzahlen best\u00e4tigen die ungebrochene Attraktivit\u00e4t dieses Wettbewerbs.<br \/>\nAm Graf-Rasso-Gymnasium beteiligten sich im vergangenen Schuljahr neben den Sechstkl\u00e4sslern erstmalig bereits auch F\u00fcnftkl\u00e4ssler \u2013 einige davon sehr erfolgreich!<br \/>\nInsgesamt vierzehn Teilnehmerinnen und Teilnehmern konnte Schulleiterin OStDin Doris H\u00fcbler k\u00fcrzlich zu ihrem ganz besonderen Erfolg gratulieren: neben einer Urkunde erhielten die Sch\u00fclerinnen und Sch\u00fcler attraktive Preise als Auszeichnung f\u00fcr au\u00dfergew\u00f6hnliche Leistungen.<br \/>\nUnser Bild zeigt Schulleiterin Doris H\u00fcbler und Mathematik-Lehrerin Ursula Huber (hinten, v. l.) mit den ausgezeichneten Teilnehmerinnen und Teilnehmern am K\u00e4nguru-Wettbewerb. <\/p>\n","protected":false},"excerpt":{"rendered":"<p>Im letzten Jahr feierte der K\u00e4nguruwettbewerb in Deutschland sein 20j\u00e4hriges Jubil\u00e4um \u2013 die von Jahr zu Jahr steigenden Teilnehmerzahlen best\u00e4tigen die ungebrochene Attraktivit\u00e4t dieses Wettbewerbs. Am Graf-Rasso-Gymnasium beteiligten sich im vergangenen Schuljahr neben den Sechstkl\u00e4sslern erstmalig bereits auch F\u00fcnftkl\u00e4ssler \u2013 einige davon sehr erfolgreich! Insgesamt vierzehn Teilnehmerinnen und Teilnehmern konnte Schulleiterin OStDin Doris H\u00fcbler k\u00fcrzlich [&hellip;]<\/p>\n","protected":false},"author":2,"featured_media":6605,"comment_status":"closed","ping_status":"closed","sticky":false,"template":"","format":"standard","meta":{"footnotes":""},"categories":[10,146],"tags":[189,165],"class_list":["post-6603","post","type-post","status-publish","format-standard","has-post-thumbnail","hentry","category-mathematik","category-2014-2015","tag-mathematik","tag-wettbewerbe"],"_links":{"self":[{"href":"https:\/\/home.graf-rasso-gymnasium.de\/home\/wp-json\/wp\/v2\/posts\/6603","targetHints":{"allow":["GET"]}}],"collection":[{"href":"https:\/\/home.graf-rasso-gymnasium.de\/home\/wp-json\/wp\/v2\/posts"}],"about":[{"href":"https:\/\/home.graf-rasso-gymnasium.de\/home\/wp-json\/wp\/v2\/types\/post"}],"author":[{"embeddable":true,"href":"https:\/\/home.graf-rasso-gymnasium.de\/home\/wp-json\/wp\/v2\/users\/2"}],"replies":[{"embeddable":true,"href":"https:\/\/home.graf-rasso-gymnasium.de\/home\/wp-json\/wp\/v2\/comments?post=6603"}],"version-history":[{"count":2,"href":"https:\/\/home.graf-rasso-gymnasium.de\/home\/wp-json\/wp\/v2\/posts\/6603\/revisions"}],"predecessor-version":[{"id":6606,"href":"https:\/\/home.graf-rasso-gymnasium.de\/home\/wp-json\/wp\/v2\/posts\/6603\/revisions\/6606"}],"wp:featuredmedia":[{"embeddable":true,"href":"https:\/\/home.graf-rasso-gymnasium.de\/home\/wp-json\/wp\/v2\/media\/6605"}],"wp:attachment":[{"href":"https:\/\/home.graf-rasso-gymnasium.de\/home\/wp-json\/wp\/v2\/media?parent=6603"}],"wp:term":[{"taxonomy":"category","embeddable":true,"href":"https:\/\/home.graf-rasso-gymnasium.de\/home\/wp-json\/wp\/v2\/categories?post=6603"},{"taxonomy":"post_tag","embeddable":true,"href":"https:\/\/home.graf-rasso-gymnasium.de\/home\/wp-json\/wp\/v2\/tags?post=6603"}],"curies":[{"name":"wp","href":"https:\/\/api.w.org\/{rel}","templated":true}]}}