{"id":6701,"date":"2015-07-29T14:44:47","date_gmt":"2015-07-29T12:44:47","guid":{"rendered":"https:\/\/home.graf-rasso-gymnasium.de\/home\/?p=6701"},"modified":"2015-10-11T17:46:30","modified_gmt":"2015-10-11T15:46:30","slug":"streitschlichtersommerfest-2015","status":"publish","type":"post","link":"https:\/\/home.graf-rasso-gymnasium.de\/home\/2015\/07\/streitschlichtersommerfest-2015\/","title":{"rendered":"Streitschlichter-Sommerfest 2015"},"content":{"rendered":"<p><img loading=\"lazy\" decoding=\"async\" src=\"https:\/\/home.graf-rasso-gymnasium.de\/home\/files\/2014-15\/streitschlichter2015_2.jpg\" alt=\"streitschlichter2015_2\" width=\"473\" height=\"710\" class=\"alignnone size-full wp-image-6703\" srcset=\"https:\/\/home.graf-rasso-gymnasium.de\/home\/files\/2014-15\/streitschlichter2015_2.jpg 473w, https:\/\/home.graf-rasso-gymnasium.de\/home\/files\/2014-15\/streitschlichter2015_2-200x300.jpg 200w\" sizes=\"auto, (max-width: 473px) 100vw, 473px\" \/><\/p>\n<p>Auch dieses Jahr wurden am Graf-Rasso-Gymnasium Streitschlichter f\u00fcr das kommende Schuljahr ausgebildet.<br \/>\nAn zahlreichen Nachmittagen befassten sich die Sch\u00fclerinnen der achten Jahrgangsstufe mit der Entstehung, aber noch viel mehr mit der L\u00f6sung bzw. Mediation von Konflikten im schulischen Bereich. Dabei bildeten sie neben dem sog. &#8222;aktivem Zuh\u00f6ren&#8220; zahlreiche weitere Kompetenzen aus, die sie dann in einer Vielzahl von Rollenspielen vertieften.<\/p>\n<p>Dass diese nicht nur im Schul-, sondern auch im privaten Alltag hilfreich sind, haben auch schon zahlreiche Unternehmen erkannt. Daher verwundert es nicht, dass Erich Hage (Projektleiter der B\u00fcrgerstiftung F\u00fcrstenfeldbruck) und Dorothee von Bary (Vorstand der B\u00fcrgerstiftung F\u00fcrstenfeldbruck) am Sommerfest der Streitschlichter des Landkreises F\u00fcrstenfeldbruck betonten, dass die Sch\u00fclerinnen und Sch\u00fcler aus den verschiedensten Schulen und Schularten gut auf ihre Urkunde aufpassen sollten. Diese erhielten die ca. 100 neu ausgebildeten Streitschlichter im Rahmen des diesj\u00e4hrigen Streitschlichtersommerfestes im kleinen Saal des Veranstaltungszentrums F\u00fcrstenfeldbruck. Dort war dann auch f\u00fcr das leibliche Wohl und Unterhaltung gesorgt, zumal ein Zauberer mit seinen Tricks die Anwesenden in Staunen versetzte.<\/p>\n<p>N\u00e4chstes Schuljahr werden die Streitschlichter dann am Graf-Rasso-Gymnasium wieder mit ihren ganz eigenen Tricks f\u00fcr das Schulklima und das soziale Miteinander an der Schule im Einsatz sein, wobei sie mit den Tutoren eng zusammenarbeiten werden.<\/p>\n<p>Um eine kontinuierliche Arbeit zu garantieren, werden auch im n\u00e4chsten Schuljahr wieder interessierte Achtkl\u00e4ssler zu Streitschlichtern ausgebildet. Wer also aktiv, engagiert und reflektiert mit Konflikten umgehen will, sollte sich bei den betreuenden Lehrkr\u00e4ften (Frau St\u00f6cker, Frau H\u00f6henleitner, Herr Mairhofer) melden.<br \/>\n<em><br \/>\nFlorian Mairhofer<\/em><\/p>\n<p><center><img loading=\"lazy\" decoding=\"async\" src=\"https:\/\/home.graf-rasso-gymnasium.de\/home\/files\/2014-15\/streitschlichter2015_1.jpg\" alt=\"streitschlichter2015_1\" width=\"413\" height=\"619\" class=\"alignnone size-full wp-image-6702\" srcset=\"https:\/\/home.graf-rasso-gymnasium.de\/home\/files\/2014-15\/streitschlichter2015_1.jpg 413w, https:\/\/home.graf-rasso-gymnasium.de\/home\/files\/2014-15\/streitschlichter2015_1-200x300.jpg 200w\" sizes=\"auto, (max-width: 413px) 100vw, 413px\" \/><br \/>\n(Auf dem Weg nach oben)<\/center><\/p>\n","protected":false},"excerpt":{"rendered":"<p>Auch dieses Jahr wurden am Graf-Rasso-Gymnasium Streitschlichter f\u00fcr das kommende Schuljahr ausgebildet. An zahlreichen Nachmittagen befassten sich die Sch\u00fclerinnen der achten Jahrgangsstufe mit der Entstehung, aber noch viel mehr mit der L\u00f6sung bzw. Mediation von Konflikten im schulischen Bereich. Dabei bildeten sie neben dem sog. &#8222;aktivem Zuh\u00f6ren&#8220; zahlreiche weitere Kompetenzen aus, die sie dann in [&hellip;]<\/p>\n","protected":false},"author":2,"featured_media":6703,"comment_status":"closed","ping_status":"closed","sticky":false,"template":"","format":"standard","meta":{"footnotes":""},"categories":[63,146],"tags":[],"class_list":["post-6701","post","type-post","status-publish","format-standard","has-post-thumbnail","hentry","category-nachrichten","category-2014-2015"],"_links":{"self":[{"href":"https:\/\/home.graf-rasso-gymnasium.de\/home\/wp-json\/wp\/v2\/posts\/6701","targetHints":{"allow":["GET"]}}],"collection":[{"href":"https:\/\/home.graf-rasso-gymnasium.de\/home\/wp-json\/wp\/v2\/posts"}],"about":[{"href":"https:\/\/home.graf-rasso-gymnasium.de\/home\/wp-json\/wp\/v2\/types\/post"}],"author":[{"embeddable":true,"href":"https:\/\/home.graf-rasso-gymnasium.de\/home\/wp-json\/wp\/v2\/users\/2"}],"replies":[{"embeddable":true,"href":"https:\/\/home.graf-rasso-gymnasium.de\/home\/wp-json\/wp\/v2\/comments?post=6701"}],"version-history":[{"count":3,"href":"https:\/\/home.graf-rasso-gymnasium.de\/home\/wp-json\/wp\/v2\/posts\/6701\/revisions"}],"predecessor-version":[{"id":6717,"href":"https:\/\/home.graf-rasso-gymnasium.de\/home\/wp-json\/wp\/v2\/posts\/6701\/revisions\/6717"}],"wp:featuredmedia":[{"embeddable":true,"href":"https:\/\/home.graf-rasso-gymnasium.de\/home\/wp-json\/wp\/v2\/media\/6703"}],"wp:attachment":[{"href":"https:\/\/home.graf-rasso-gymnasium.de\/home\/wp-json\/wp\/v2\/media?parent=6701"}],"wp:term":[{"taxonomy":"category","embeddable":true,"href":"https:\/\/home.graf-rasso-gymnasium.de\/home\/wp-json\/wp\/v2\/categories?post=6701"},{"taxonomy":"post_tag","embeddable":true,"href":"https:\/\/home.graf-rasso-gymnasium.de\/home\/wp-json\/wp\/v2\/tags?post=6701"}],"curies":[{"name":"wp","href":"https:\/\/api.w.org\/{rel}","templated":true}]}}