{"id":6860,"date":"2015-10-11T11:22:27","date_gmt":"2015-10-11T09:22:27","guid":{"rendered":"https:\/\/home.graf-rasso-gymnasium.de\/home\/?p=6860"},"modified":"2015-11-19T07:50:27","modified_gmt":"2015-11-19T06:50:27","slug":"pausenradio-201516","status":"publish","type":"post","link":"https:\/\/home.graf-rasso-gymnasium.de\/home\/2015\/10\/pausenradio-201516\/","title":{"rendered":"PausenRadio im Schuljahr 2015\/2016"},"content":{"rendered":"<p>Liebe Sch\u00fclerinnen und Sch\u00fcler,<\/p>\n<p>auch diese Jahr gibt&#8217;s wieder PausenRadio! &#8211; trotz einigen \u00c4nderungen in der Terminwahl. Im Schuljahr 2015\/2016 wird das PausenRadio einmal im Monat an einem Montag stattfinden. Vermutlich werden wir meistens den 2. Montag im Monat w\u00e4hlen. Wenn ihr Vorschl\u00e4ge habt, schreibt uns einfach eine Mail an pausenradio@alexanderjank.de.<\/p>\n<p>Viele Gr\u00fc\u00dfe,<\/p>\n<p>euer PausenRadio-Team und die SMV<\/p>\n","protected":false},"excerpt":{"rendered":"<p>Liebe Sch\u00fclerinnen und Sch\u00fcler, auch diese Jahr gibt&#8217;s wieder PausenRadio! &#8211; trotz einigen \u00c4nderungen in der Terminwahl. Im Schuljahr 2015\/2016 wird das PausenRadio einmal im Monat an einem Montag stattfinden. Vermutlich werden wir meistens den 2. Montag im Monat w\u00e4hlen. Wenn ihr Vorschl\u00e4ge habt, schreibt uns einfach eine Mail an pausenradio@alexanderjank.de. Viele Gr\u00fc\u00dfe, euer PausenRadio-Team [&hellip;]<\/p>\n","protected":false},"author":2,"featured_media":0,"comment_status":"closed","ping_status":"closed","sticky":false,"template":"","format":"standard","meta":{"footnotes":""},"categories":[209],"tags":[],"class_list":["post-6860","post","type-post","status-publish","format-standard","hentry","category-2015-2016"],"_links":{"self":[{"href":"https:\/\/home.graf-rasso-gymnasium.de\/home\/wp-json\/wp\/v2\/posts\/6860","targetHints":{"allow":["GET"]}}],"collection":[{"href":"https:\/\/home.graf-rasso-gymnasium.de\/home\/wp-json\/wp\/v2\/posts"}],"about":[{"href":"https:\/\/home.graf-rasso-gymnasium.de\/home\/wp-json\/wp\/v2\/types\/post"}],"author":[{"embeddable":true,"href":"https:\/\/home.graf-rasso-gymnasium.de\/home\/wp-json\/wp\/v2\/users\/2"}],"replies":[{"embeddable":true,"href":"https:\/\/home.graf-rasso-gymnasium.de\/home\/wp-json\/wp\/v2\/comments?post=6860"}],"version-history":[{"count":3,"href":"https:\/\/home.graf-rasso-gymnasium.de\/home\/wp-json\/wp\/v2\/posts\/6860\/revisions"}],"predecessor-version":[{"id":6863,"href":"https:\/\/home.graf-rasso-gymnasium.de\/home\/wp-json\/wp\/v2\/posts\/6860\/revisions\/6863"}],"wp:attachment":[{"href":"https:\/\/home.graf-rasso-gymnasium.de\/home\/wp-json\/wp\/v2\/media?parent=6860"}],"wp:term":[{"taxonomy":"category","embeddable":true,"href":"https:\/\/home.graf-rasso-gymnasium.de\/home\/wp-json\/wp\/v2\/categories?post=6860"},{"taxonomy":"post_tag","embeddable":true,"href":"https:\/\/home.graf-rasso-gymnasium.de\/home\/wp-json\/wp\/v2\/tags?post=6860"}],"curies":[{"name":"wp","href":"https:\/\/api.w.org\/{rel}","templated":true}]}}