{"id":7309,"date":"2016-02-26T21:20:19","date_gmt":"2016-02-26T20:20:19","guid":{"rendered":"https:\/\/home.graf-rasso-gymnasium.de\/home\/?p=7309"},"modified":"2016-07-17T19:11:19","modified_gmt":"2016-07-17T17:11:19","slug":"jugend-am-graf-rasso-gymnasium-forscht","status":"publish","type":"post","link":"https:\/\/home.graf-rasso-gymnasium.de\/home\/2016\/02\/jugend-am-graf-rasso-gymnasium-forscht\/","title":{"rendered":"JUGEND am Graf-Rasso-Gymnasium FORSCHT"},"content":{"rendered":"<p>Mit dem Stuhl kippeln und trotzdem nicht umfallen? Wachsen Pilze wirklich auf Kaffeesatz? Kann man mit einer handels\u00fcblichen Kamera tats\u00e4chlich dreidimensionale Aufnahmen machen? Kleben Kaugummis wirklich f\u00fcr immer auf dem Gehweg oder kann man da was machen?<br \/>\nDiese und viele Fragen mehr stellten sich die Teilnehmer des Regionalentscheids \u201eJugend forscht \/ Sch\u00fcler experimentieren\u201c. Doch von vorne\u2026<br \/>\nMittwoch, sechs Uhr morgens &#8211; finstere Nacht in F\u00fcrstenfeldbruck. Insgesamt 24 Sch\u00fclerInnen und zwei Begleitlehrkr\u00e4fte brechen todm\u00fcde und dennoch frohen Mutes in Richtung Norden auf. Nach kurzer Fahrt lautet der n\u00e4chste Halt \u201eIngolstadt -Audi Bildungszentrum\u201c. Hier im Ausbildungszentrum des Gro\u00dfkonzerns stellen sich 150 Sch\u00fclerinnen und Sch\u00fcler in 104 Projekten aus den Themenbereichen Arbeitswelt, Biologie, Chemie, Mathematik\/Informatik, Physik und Technik der Jury aus Professoren, Lehrkr\u00e4ften und Experten aus der Wirtschaft. Nach einer kurzen Begr\u00fc\u00dfung geht es auch gleich los: Stand aufbauen, Material testen und auf das Bewertungsgespr\u00e4ch warten. V\u00f6llig unerwartet ist sie dann da &#8211; die Jury. Mal mit einigen wenigen Fragen, mal mit vielen, mal kritisch mal weniger. Auf jeden Fall aufregend. In der Mittagspause ein Cordon-Bleu vertilgen und anschlie\u00dfend weiter im Text: Gespr\u00e4che mit der Konkurrenz f\u00fchren, Audi-Museum besichtigen, den sch\u00f6nsten Stand k\u00fcren. Am sp\u00e4ten Nachmittag haben schlie\u00dflich alle Teilnehmer die Interviews durch die Juroren \u00fcberstanden und sind mehr oder weniger zufrieden. <\/p>\n<p>Am n\u00e4chsten Morgen bricht der Tag der Entscheidung an, bei dichtem Schneefall beginnt erneut zu nachtschlafender Zeit die Fahrt nach Ingolstadt. <\/p>\n<p>Nach Bezug des Infostandes hei\u00dft es wieder: Warten auf die Jury. Alle Arbeitsgruppen werden am zweiten Tag mindestens noch einmal von ihr besucht. Jetzt hei\u00dft es letzte \u00dcberzeugungsarbeit leisten. Ab 9.00 Uhr wird dann die Veranstaltung f\u00fcr die breite \u00d6ffentlichkeit zug\u00e4nglich gemacht. Interessierte Eltern, Schulklassen mit Lehrern u.a. str\u00f6men nun in die Ausstellungsr\u00e4ume. Bis 14.00 Uhr haben sie die Gelegenheit zu interessanten Gespr\u00e4chen mit den Wettbewerbsteilnehmern.<\/p>\n<p>Dann ist es endlich soweit. Ab 15.00 Uhr m\u00fcssen sich alle Teilnehmerinnen und Teilnehmer mit Betreuern und Besuchern in der Betriebskantine zur Feierstunde einfinden. Nach mehreren Vorrednern mit zahlreichen Dankesworten und einigen Musikst\u00fccken der Big Band werden anschlie\u00dfend alle Projektgruppen geordnet nach Themengebieten auf die B\u00fchne gebeten. Gespannt warten alle auf die Verk\u00fcndung der Juryergebnisse und k\u00f6nnen es am Ende fast gar nicht glauben. Von unseren 14 Projektgruppen konnten 5 einen Preis erringen!<\/p>\n<ul>\n<li>Lorenz Huber, Simon Ibrahim, Luca Schunn: Kippeln aber nicht umfallen!<\/li>\n<li>Felix Jung, Valentin Rank, Walter Finn, Walter Mauritz: Windkanal (Sonderpreis Technik \/ Jugend forscht)<\/li>\n<li>Timo Endres, Vincent Kellerer: Solarbetriebenes Luftkissenboot<\/li>\n<li>Florentin Beckert, Julia N\u00f6bel: JuFlo \u2013 Der beheizbare Fahrradsattel (3. Preis Technik \/ Sch\u00fcEx)<\/li>\n<li>Sara Aumiller, Annika Dischner, Fiona Seelmann: Chitosanfolie (2. Preis Chemie \/ Sch\u00fcEx)<\/li>\n<li>Hannah Schnaidt: Untersuchung von Methoden zur Kaugummientfernung (1. Preis Chemie \/ Jugend forscht)<\/li>\n<li>Lukas Bartl, Christian Dietze: 3D-Fotographie mit handels\u00fcblicher Kamera (3. Preis Physik \/ Jugend forscht)<\/li>\n<li>Thomas Hei\u00df: Hefepilze beim Brauprozess<\/li>\n<li>Clara Kappelmeyer: Kultivierungsversuche bei Champignons<\/li>\n<li>Tom Schubert: Schimmelsporenbelastung in R\u00e4umen<\/li>\n<li>Simone Werschnik: Untersuchungen zum Lebensmittelverderb durch Schimmel<\/li>\n<li>Onno Borgel: Untersuchung von Kamboucha<\/li>\n<li>Pia Kneidel: Untersuchung von Thymian<\/li>\n<li>Irina Monien: Von Chitin zu Chitosan<\/li>\n<\/ul>\n<p>Immer noch euphorisiert von den Ereignissen erreichen wir schlie\u00dflich um 19.00 Uhr das GRG. Schnell noch alles ausladen und dann schnell ab nach Hause. Auch wenn nicht alle Arbeitsgruppen mit einem Preis der Jury belohnt wurden, waren sich am Ende doch alle einig: \u201eWir konnten vielen Erfahrungen sammeln und im n\u00e4chsten Jahr machen wir auf alle F\u00e4lle wieder mit.\u201c<\/p>\n<p>NEUN\/OSTM<\/p>\n<p><img loading=\"lazy\" decoding=\"async\" src=\"https:\/\/home.graf-rasso-gymnasium.de\/home\/files\/2015-16\/jufo_2016_5.jpg\" alt=\"jufo_2016_5\" width=\"600\" height=\"400\" class=\"alignnone size-full wp-image-7313\" srcset=\"https:\/\/home.graf-rasso-gymnasium.de\/home\/files\/2015-16\/jufo_2016_5.jpg 600w, https:\/\/home.graf-rasso-gymnasium.de\/home\/files\/2015-16\/jufo_2016_5-300x200.jpg 300w\" sizes=\"auto, (max-width: 600px) 100vw, 600px\" \/><\/p>\n<p><img loading=\"lazy\" decoding=\"async\" src=\"https:\/\/home.graf-rasso-gymnasium.de\/home\/files\/2015-16\/jufo_2016_1.jpg\" alt=\"jufo_2016_1\" width=\"600\" height=\"400\" class=\"alignnone size-large wp-image-7314\" srcset=\"https:\/\/home.graf-rasso-gymnasium.de\/home\/files\/2015-16\/jufo_2016_1.jpg 600w, https:\/\/home.graf-rasso-gymnasium.de\/home\/files\/2015-16\/jufo_2016_1-300x200.jpg 300w\" sizes=\"auto, (max-width: 600px) 100vw, 600px\" \/><\/p>\n<p><img loading=\"lazy\" decoding=\"async\" src=\"https:\/\/home.graf-rasso-gymnasium.de\/home\/files\/2015-16\/jufo_2016_2.jpg\" alt=\"jufo_2016_2\" width=\"600\" height=\"450\" class=\"alignnone size-large wp-image-7315\" srcset=\"https:\/\/home.graf-rasso-gymnasium.de\/home\/files\/2015-16\/jufo_2016_2.jpg 600w, https:\/\/home.graf-rasso-gymnasium.de\/home\/files\/2015-16\/jufo_2016_2-300x225.jpg 300w\" sizes=\"auto, (max-width: 600px) 100vw, 600px\" \/><\/p>\n<p><img loading=\"lazy\" decoding=\"async\" src=\"https:\/\/home.graf-rasso-gymnasium.de\/home\/files\/2015-16\/jufo_2016_3.jpg\" alt=\"jufo_2016_3\" width=\"600\" height=\"400\" class=\"alignnone size-large wp-image-7316\" srcset=\"https:\/\/home.graf-rasso-gymnasium.de\/home\/files\/2015-16\/jufo_2016_3.jpg 600w, https:\/\/home.graf-rasso-gymnasium.de\/home\/files\/2015-16\/jufo_2016_3-300x200.jpg 300w\" sizes=\"auto, (max-width: 600px) 100vw, 600px\" \/><\/p>\n<p><img loading=\"lazy\" decoding=\"async\" src=\"https:\/\/home.graf-rasso-gymnasium.de\/home\/files\/2015-16\/jufo_2016_4.jpg\" alt=\"jufo_2016_4\" width=\"600\" height=\"400\" class=\"alignnone size-large wp-image-7317\" srcset=\"https:\/\/home.graf-rasso-gymnasium.de\/home\/files\/2015-16\/jufo_2016_4.jpg 600w, https:\/\/home.graf-rasso-gymnasium.de\/home\/files\/2015-16\/jufo_2016_4-300x200.jpg 300w\" sizes=\"auto, (max-width: 600px) 100vw, 600px\" \/><\/p>\n","protected":false},"excerpt":{"rendered":"<p>Mit dem Stuhl kippeln und trotzdem nicht umfallen? Wachsen Pilze wirklich auf Kaffeesatz? Kann man mit einer handels\u00fcblichen Kamera tats\u00e4chlich dreidimensionale Aufnahmen machen? Kleben Kaugummis wirklich f\u00fcr immer auf dem Gehweg oder kann man da was machen? Diese und viele Fragen mehr stellten sich die Teilnehmer des Regionalentscheids \u201eJugend forscht \/ Sch\u00fcler experimentieren\u201c. Doch von [&hellip;]<\/p>\n","protected":false},"author":2,"featured_media":7313,"comment_status":"closed","ping_status":"closed","sticky":false,"template":"","format":"standard","meta":{"footnotes":""},"categories":[209],"tags":[165],"class_list":["post-7309","post","type-post","status-publish","format-standard","has-post-thumbnail","hentry","category-2015-2016","tag-wettbewerbe"],"_links":{"self":[{"href":"https:\/\/home.graf-rasso-gymnasium.de\/home\/wp-json\/wp\/v2\/posts\/7309","targetHints":{"allow":["GET"]}}],"collection":[{"href":"https:\/\/home.graf-rasso-gymnasium.de\/home\/wp-json\/wp\/v2\/posts"}],"about":[{"href":"https:\/\/home.graf-rasso-gymnasium.de\/home\/wp-json\/wp\/v2\/types\/post"}],"author":[{"embeddable":true,"href":"https:\/\/home.graf-rasso-gymnasium.de\/home\/wp-json\/wp\/v2\/users\/2"}],"replies":[{"embeddable":true,"href":"https:\/\/home.graf-rasso-gymnasium.de\/home\/wp-json\/wp\/v2\/comments?post=7309"}],"version-history":[{"count":4,"href":"https:\/\/home.graf-rasso-gymnasium.de\/home\/wp-json\/wp\/v2\/posts\/7309\/revisions"}],"predecessor-version":[{"id":7318,"href":"https:\/\/home.graf-rasso-gymnasium.de\/home\/wp-json\/wp\/v2\/posts\/7309\/revisions\/7318"}],"wp:featuredmedia":[{"embeddable":true,"href":"https:\/\/home.graf-rasso-gymnasium.de\/home\/wp-json\/wp\/v2\/media\/7313"}],"wp:attachment":[{"href":"https:\/\/home.graf-rasso-gymnasium.de\/home\/wp-json\/wp\/v2\/media?parent=7309"}],"wp:term":[{"taxonomy":"category","embeddable":true,"href":"https:\/\/home.graf-rasso-gymnasium.de\/home\/wp-json\/wp\/v2\/categories?post=7309"},{"taxonomy":"post_tag","embeddable":true,"href":"https:\/\/home.graf-rasso-gymnasium.de\/home\/wp-json\/wp\/v2\/tags?post=7309"}],"curies":[{"name":"wp","href":"https:\/\/api.w.org\/{rel}","templated":true}]}}