{"id":7334,"date":"2016-03-13T23:15:43","date_gmt":"2016-03-13T22:15:43","guid":{"rendered":"https:\/\/home.graf-rasso-gymnasium.de\/home\/?p=7334"},"modified":"2016-07-20T09:08:20","modified_gmt":"2016-07-20T07:08:20","slug":"jahresversammlung-der-lev-am-grg","status":"publish","type":"post","link":"https:\/\/home.graf-rasso-gymnasium.de\/home\/2016\/03\/jahresversammlung-der-lev-am-grg\/","title":{"rendered":"Jahresversammlung der LEV am GRG"},"content":{"rendered":"<p>Am 5. und 6. M\u00e4rz 2016 war das Graf-Rasso-Gymnasium der Gastgeber der 66. Mitgliederversammlung der LEV.<br \/>\nDie LEV ist die <a href=\"http:\/\/www.lev-gym-bayern.de\/\">Landes-Eltern-Vereinigung der Gymnasien in Bayern e.V.<\/a> und hat die Aufgabe, die Mitverantwortung der Eltern bei der schulischen Erziehung im Bereich der Gymnasien zu verwirklichen.<\/p>\n<table>\n<tbody>\n<tr>\n<td style=\"vertical-align: middle;\">Seit Januar waren wir vom Elternbeirat mit der Planung auf diese gro\u00dfe Veranstaltung besch\u00e4ftigt. Neben der Vorbereitung der R\u00e4umlichkeiten und der entsprechenden Ausr\u00fcstung waren wir f\u00fcr die Verpflegung der Teilnehmer zust\u00e4ndig. Diese umfasste Kaffee, Tee, Kuchen, belegte Brote, Butterbrezen und Kaltgetr\u00e4nke ganzt\u00e4gig an beiden Tagen. Zus\u00e4tzlich wurde durch Herrn Nau mit seinem Mensateam an beiden Tagen ein warmes Mittagessen angeboten. Tatkr\u00e4ftig unterst\u00fctzt wurden wir in der Planung vor allem von der Gesch\u00e4ftsstelle der LEV und Frau H\u00f6henleitner.<\/td>\n<td style=\"vertical-align: middle;\"><img loading=\"lazy\" decoding=\"async\" class=\"\" src=\"https:\/\/home.graf-rasso-gymnasium.de\/home\/files\/2015-16\/2016-03-05_LEV-MV__DSC9268-1024x682.jpg\" alt=\"2016-03-05_LEV-MV__DSC9268\" width=\"327\" height=\"218\" \/><\/td>\n<\/tr>\n<\/tbody>\n<\/table>\n<table>\n<tbody>\n<tr>\n<td style=\"vertical-align: middle;\"><img loading=\"lazy\" decoding=\"async\" class=\"alignnone wp-image-7336\" src=\"https:\/\/home.graf-rasso-gymnasium.de\/home\/files\/2015-16\/2016-03-05_LEV-MV__DSC9223-1024x682.jpg\" alt=\"2016-03-05_LEV-MV__DSC9223\" width=\"331\" height=\"220\" srcset=\"https:\/\/home.graf-rasso-gymnasium.de\/home\/files\/2015-16\/2016-03-05_LEV-MV__DSC9223-1024x682.jpg 1024w, https:\/\/home.graf-rasso-gymnasium.de\/home\/files\/2015-16\/2016-03-05_LEV-MV__DSC9223-300x200.jpg 300w, https:\/\/home.graf-rasso-gymnasium.de\/home\/files\/2015-16\/2016-03-05_LEV-MV__DSC9223-768x511.jpg 768w, https:\/\/home.graf-rasso-gymnasium.de\/home\/files\/2015-16\/2016-03-05_LEV-MV__DSC9223.jpg 1200w\" sizes=\"auto, (max-width: 331px) 100vw, 331px\" \/><\/td>\n<td style=\"vertical-align: middle;\">Die hei\u00dfe Phase der Vorbereitung begann am Freitagmorgen bei den Elternbeiratsmitgliedern und ihren Familien und Freunden mit dem Anwerfen der Back\u00f6fen. Schlie\u00dflich wollten wir ein reichhaltiges Kuchenbuffet anbieten. Am Nachmittag ging es an die Einrichtung der Aula mit Bestuhlung f\u00fcr 200 Personen und einem Empfangsbereich f\u00fcr die Anmeldung der Teilnehmer sowie den Aufbau der Technik. Als der LEV-Vorstand gegen 16:30 Uhr eintraf waren sie hocherfreut, dass sie eigentlich nur noch ihre Werbebanner auf der B\u00fchne aufstellen mussten.Ab Samstagmorgen um 8:00 Uhr wurden die Kaffeemaschinen angeworfen, Semmel belegt und Brezen geschmiert, damit die ersten Teilnehmer die aus ganz Bayern angereist waren sich vor dem Start der Veranstaltung noch etwas st\u00e4rken konnten. Unsere SMV \u00fcbernahm am Samstag den Garderobenbetrieb und auch die erste Schicht der Technik-AG war schon vor Ort.<\/td>\n<\/tr>\n<\/tbody>\n<\/table>\n<table>\n<tbody>\n<tr>\n<td style=\"vertical-align: middle;\">Kurz nach 10 Uhr startete unsere Big Band unter Leitung von Frau Braun mit einem fulminanten Auftritt. Nach den Gru\u00dfworten durch Frau H\u00fcbler und Frau Ullmann erfolgte die offizielle Er\u00f6ffnung durch die LEV-Vorsitzende Frau Arndt. Ihr unterlag es auch die vielen Ehreng\u00e4ste aus Politik, Kultur und Bildung pers\u00f6nlich zu begr\u00fc\u00dfen, allen voran unseren Bildungsminister Herrn Dr. Ludwig Spaenle als Hauptredner des Vormittags.<\/td>\n<td style=\"vertical-align: middle;\"><img loading=\"lazy\" decoding=\"async\" class=\"alignnone wp-image-7335\" src=\"https:\/\/home.graf-rasso-gymnasium.de\/home\/files\/2015-16\/2016-03-05_LEV-MV__DSC9316-681x1024.jpg\" alt=\"2016-03-05_LEV-MV__DSC9316\" width=\"162\" height=\"244\" srcset=\"https:\/\/home.graf-rasso-gymnasium.de\/home\/files\/2015-16\/2016-03-05_LEV-MV__DSC9316-681x1024.jpg 681w, https:\/\/home.graf-rasso-gymnasium.de\/home\/files\/2015-16\/2016-03-05_LEV-MV__DSC9316-200x300.jpg 200w, https:\/\/home.graf-rasso-gymnasium.de\/home\/files\/2015-16\/2016-03-05_LEV-MV__DSC9316-768x1155.jpg 768w, https:\/\/home.graf-rasso-gymnasium.de\/home\/files\/2015-16\/2016-03-05_LEV-MV__DSC9316.jpg 798w\" sizes=\"auto, (max-width: 162px) 100vw, 162px\" \/><\/td>\n<\/tr>\n<\/tbody>\n<\/table>\n<table>\n<tbody>\n<tr>\n<td style=\"vertical-align: middle;\"><img loading=\"lazy\" decoding=\"async\" class=\"alignnone wp-image-7338\" src=\"https:\/\/home.graf-rasso-gymnasium.de\/home\/files\/2015-16\/2016-03-05_LEV-MV__DSC9288-1024x681.jpg\" alt=\"2016-03-05_LEV-MV__DSC9288\" width=\"327\" height=\"218\" \/><\/td>\n<td style=\"vertical-align: middle;\">Vor seiner Ansprache gab es noch ein weiteres bejubeltes musikalisches Zwischenspiel von unserem Grundkurs Chor, den Frau Landgraf dirigierte. Im weiteren Tagesverlauf gab es noch zwei Vortr\u00e4ge aus dem Bereich des Kunstunterrichts und diverse Workshops zu unterschiedlichen Themen.<\/td>\n<\/tr>\n<\/tbody>\n<\/table>\n<table>\n<tbody>\n<tr>\n<td style=\"vertical-align: middle;\">Am Sonntag fand die eigentliche Mitgliederversammlung mit ungef\u00e4hr hundert Teilnehmern statt.\u00dcber die Veranstaltung gab es auch einige Berichte in der regionalen Presse. Au\u00dferdem war Frau Rauscher vom Bayerischen Rundfunk da, die f\u00fcr eine Reportage auf BR2 zum Thema <a href=\"http:\/\/www.br.de\/radio\/bayern2\/politik\/radiowelt\/gymnasium-ganztags-schule-bayern-100.html\">Ganztagesmodelle an bayerischen Gymnasien<\/a> einige Tagungsteilnehmer interviewte.<\/p>\n<p>Man kann sich vorstellen, dass eine Veranstaltung dieser Gr\u00f6\u00dfe nicht alleine vom Elternbeirat zu stemmen war. Deshalb m\u00f6chten wir uns recht herzlich f\u00fcr die Unterst\u00fctzung durch Frau H\u00f6henleitner und die Technik-AG, die Hausmeister, Herrn Nau mit seinem Team und die freiwilligen Helfer aus der Q11, Q12 und der SMV bedanken.<\/td>\n<td style=\"vertical-align: middle;\"><img loading=\"lazy\" decoding=\"async\" class=\"alignnone wp-image-7388\" src=\"https:\/\/home.graf-rasso-gymnasium.de\/home\/files\/2015-16\/2016-03-05_LEV-MV__DSC9346-1024x681.jpg\" alt=\"2016-03-05_LEV-MV__DSC9346\" width=\"332\" height=\"221\" srcset=\"https:\/\/home.graf-rasso-gymnasium.de\/home\/files\/2015-16\/2016-03-05_LEV-MV__DSC9346-1024x681.jpg 1024w, https:\/\/home.graf-rasso-gymnasium.de\/home\/files\/2015-16\/2016-03-05_LEV-MV__DSC9346-300x200.jpg 300w, https:\/\/home.graf-rasso-gymnasium.de\/home\/files\/2015-16\/2016-03-05_LEV-MV__DSC9346-768x511.jpg 768w, https:\/\/home.graf-rasso-gymnasium.de\/home\/files\/2015-16\/2016-03-05_LEV-MV__DSC9346.jpg 1200w\" sizes=\"auto, (max-width: 332px) 100vw, 332px\" \/><\/td>\n<\/tr>\n<\/tbody>\n<\/table>\n<p>Die Teilnehmer waren so begeistert, dass sie uns mit vielf\u00e4ltigem Lob \u00fcbersch\u00fctteten und sogar vorschlugen, die Veranstaltung h\u00e4ufiger bei uns abzuhalten. Letzteres haben wir dann doch dankend abgelehnt.<\/p>\n","protected":false},"excerpt":{"rendered":"<p>Am 5. und 6. M\u00e4rz 2016 war das Graf-Rasso-Gymnasium der Gastgeber der 66. Mitgliederversammlung der LEV. Die LEV ist die Landes-Eltern-Vereinigung der Gymnasien in Bayern e.V. und hat die Aufgabe, die Mitverantwortung der Eltern bei der schulischen Erziehung im Bereich der Gymnasien zu verwirklichen. Seit Januar waren wir vom Elternbeirat mit der Planung auf diese [&hellip;]<\/p>\n","protected":false},"author":13,"featured_media":7338,"comment_status":"closed","ping_status":"closed","sticky":false,"template":"","format":"standard","meta":{"footnotes":""},"categories":[40,209],"tags":[191,166],"class_list":["post-7334","post","type-post","status-publish","format-standard","has-post-thumbnail","hentry","category-eb-neuigkeiten","category-2015-2016","tag-elternbeirat","tag-gaeste"],"_links":{"self":[{"href":"https:\/\/home.graf-rasso-gymnasium.de\/home\/wp-json\/wp\/v2\/posts\/7334","targetHints":{"allow":["GET"]}}],"collection":[{"href":"https:\/\/home.graf-rasso-gymnasium.de\/home\/wp-json\/wp\/v2\/posts"}],"about":[{"href":"https:\/\/home.graf-rasso-gymnasium.de\/home\/wp-json\/wp\/v2\/types\/post"}],"author":[{"embeddable":true,"href":"https:\/\/home.graf-rasso-gymnasium.de\/home\/wp-json\/wp\/v2\/users\/13"}],"replies":[{"embeddable":true,"href":"https:\/\/home.graf-rasso-gymnasium.de\/home\/wp-json\/wp\/v2\/comments?post=7334"}],"version-history":[{"count":13,"href":"https:\/\/home.graf-rasso-gymnasium.de\/home\/wp-json\/wp\/v2\/posts\/7334\/revisions"}],"predecessor-version":[{"id":7390,"href":"https:\/\/home.graf-rasso-gymnasium.de\/home\/wp-json\/wp\/v2\/posts\/7334\/revisions\/7390"}],"wp:featuredmedia":[{"embeddable":true,"href":"https:\/\/home.graf-rasso-gymnasium.de\/home\/wp-json\/wp\/v2\/media\/7338"}],"wp:attachment":[{"href":"https:\/\/home.graf-rasso-gymnasium.de\/home\/wp-json\/wp\/v2\/media?parent=7334"}],"wp:term":[{"taxonomy":"category","embeddable":true,"href":"https:\/\/home.graf-rasso-gymnasium.de\/home\/wp-json\/wp\/v2\/categories?post=7334"},{"taxonomy":"post_tag","embeddable":true,"href":"https:\/\/home.graf-rasso-gymnasium.de\/home\/wp-json\/wp\/v2\/tags?post=7334"}],"curies":[{"name":"wp","href":"https:\/\/api.w.org\/{rel}","templated":true}]}}