{"id":7756,"date":"2016-07-30T05:03:56","date_gmt":"2016-07-30T03:03:56","guid":{"rendered":"https:\/\/home.graf-rasso-gymnasium.de\/home\/?p=7756"},"modified":"2016-09-13T13:18:49","modified_gmt":"2016-09-13T11:18:49","slug":"on-the-sunny-side-of-the-street-sommerkonzert-2016","status":"publish","type":"post","link":"https:\/\/home.graf-rasso-gymnasium.de\/home\/2016\/07\/on-the-sunny-side-of-the-street-sommerkonzert-2016\/","title":{"rendered":"On the sunny side of the street &#8211; Sommerkonzert 2016"},"content":{"rendered":"<p>Nach intensiven Probentagen im Allg\u00e4u pr\u00e4sentierten die verschiedenen Ensembles des Graf-Rasso-Gymnasiums F\u00fcrstenfeldbruck beim traditionellen Sommerkonzert in der letzten Schulwoche ein ebenso umfangreiches wie anspruchsvolles Programm, das die G\u00e4ste in der vollbesetzten Aula nicht nur zum Mitwippen, sondern immer wieder auch zum Mitsummen \u2013 wenn nicht sogar zum Mitsingen \u2013 brachte.<br \/>\nBemerkenswert erscheint vor allem die kontinuierliche Entwicklung des Schulorches\u00adters (Leitung: Andrea Onder), das in den vergangenen Jahren nicht nur zahlenm\u00e4\u00dfig wuchs, sondern sich auch immer anspruchsvolleren Aufgaben zu stellen vermag. So verzauberte es das Publikum zun\u00e4chst mit La valse d\u2019Am\u00e9lie von Yann Thiersen, be\u00advor dann die Musical-Fans mit einem Auszug aus dem \u201ePhantom der Oper\u201c von Andrew Lloyd Webber auf ihre Kosten kamen. <\/p>\n<p>Neben der Junior Band und der Schulband brachte insbesondere die Bigband die begeisterten Zuh\u00f6rerinnen und Zuh\u00f6rer in Schwung, zumal hier neben den Sch\u00fclerin\u00adnen und Sch\u00fclern auch etliche Lehrkr\u00e4fte zur Posaune oder zum Saxophon griffen. Bekannte Titel wie \u201eThe Simpsons\u201c (Danny Elfman) oder \u201eOn the sunny side of the street\u201c (D. Fields) verlockten zahlreiche Zuh\u00f6rerinnen und Zuh\u00f6rer zumindest zum Mit\u00adsummen.<br \/>\nEine Besonderheit der GRG-Konzerte sind seit Jahren die Auftritte gleich mehrerer Ch\u00f6re. Ob der Juniorchor mit St\u00fccken wie \u201eChim Chimeni\u201c \u2013 frei nach dem Musical \u201eMary Poppins\u201c \u2013 oder dem Ohrwurm \u201eWe are the world\u201c (Michael Jackson &#038; Lionel Richie), der Grundkurs Chor mit \u201eOne of us\u201c (E. Bazilian) und \u201eGive them thy fingers\u201c (Text: William Shakespeare, Melodie: St. Kalmer) oder der Gro\u00dfe Chor mit seinem umfangreichen Repertoire \u2013 sie alle vermochten zu \u00fcberzeugen, nicht zuletzt dank einer ganzen Reihe von hervorragenden Solistinnen und Solisten. <\/p>\n<p>So bunt wie das dargebotene Programm waren denn auch die Blumenstr\u00e4u\u00dfe, die Schulleiterin Doris H\u00fcbler am Ende der Veranstaltung an die Musiklehrkr\u00e4fte Georg Alkofer, Elena Bedtke, Birgit Braun, Konstanze Landgraf und Andrea Onder \u00fcber\u00adreichte.  <\/p>\n<p><img loading=\"lazy\" decoding=\"async\" src=\"https:\/\/home.graf-rasso-gymnasium.de\/home\/files\/2015-16\/2016_GRG-Sommerkonzert_Orchester.jpg\" alt=\"2016_GRG-Sommerkonzert_Orchester\" width=\"600\" height=\"400\" class=\"aligncenter size-full wp-image-7759\" srcset=\"https:\/\/home.graf-rasso-gymnasium.de\/home\/files\/2015-16\/2016_GRG-Sommerkonzert_Orchester.jpg 600w, https:\/\/home.graf-rasso-gymnasium.de\/home\/files\/2015-16\/2016_GRG-Sommerkonzert_Orchester-300x200.jpg 300w\" sizes=\"auto, (max-width: 600px) 100vw, 600px\" \/><\/p>\n<p><img loading=\"lazy\" decoding=\"async\" src=\"https:\/\/home.graf-rasso-gymnasium.de\/home\/files\/2015-16\/2016_GRG-Sommerkonzert_100.jpg\" alt=\"2016_GRG-Sommerkonzert_100\" width=\"600\" height=\"400\" class=\"aligncenter size-large wp-image-7760\" srcset=\"https:\/\/home.graf-rasso-gymnasium.de\/home\/files\/2015-16\/2016_GRG-Sommerkonzert_100.jpg 600w, https:\/\/home.graf-rasso-gymnasium.de\/home\/files\/2015-16\/2016_GRG-Sommerkonzert_100-300x200.jpg 300w\" sizes=\"auto, (max-width: 600px) 100vw, 600px\" \/><\/p>\n<p><img loading=\"lazy\" decoding=\"async\" src=\"https:\/\/home.graf-rasso-gymnasium.de\/home\/files\/2015-16\/2016_GRG-Sommerkonzert_103.jpg\" alt=\"2016_GRG-Sommerkonzert_103\" width=\"600\" height=\"400\" class=\"aligncenter size-large wp-image-7761\" srcset=\"https:\/\/home.graf-rasso-gymnasium.de\/home\/files\/2015-16\/2016_GRG-Sommerkonzert_103.jpg 600w, https:\/\/home.graf-rasso-gymnasium.de\/home\/files\/2015-16\/2016_GRG-Sommerkonzert_103-300x200.jpg 300w\" sizes=\"auto, (max-width: 600px) 100vw, 600px\" \/><\/p>\n<p><img loading=\"lazy\" decoding=\"async\" src=\"https:\/\/home.graf-rasso-gymnasium.de\/home\/files\/2015-16\/2016_GRG-Sommerkonzert_Band.jpg\" alt=\"2016_GRG-Sommerkonzert_Band\" width=\"600\" height=\"400\" class=\"aligncenter size-large wp-image-7762\" srcset=\"https:\/\/home.graf-rasso-gymnasium.de\/home\/files\/2015-16\/2016_GRG-Sommerkonzert_Band.jpg 600w, https:\/\/home.graf-rasso-gymnasium.de\/home\/files\/2015-16\/2016_GRG-Sommerkonzert_Band-300x200.jpg 300w\" sizes=\"auto, (max-width: 600px) 100vw, 600px\" \/><\/p>\n<p><img loading=\"lazy\" decoding=\"async\" src=\"https:\/\/home.graf-rasso-gymnasium.de\/home\/files\/2015-16\/2016_GRG-Sommerkonzert_Juniorchor.jpg\" alt=\"2016_GRG-Sommerkonzert_Juniorchor\" width=\"600\" height=\"400\" class=\"aligncenter size-large wp-image-7764\" srcset=\"https:\/\/home.graf-rasso-gymnasium.de\/home\/files\/2015-16\/2016_GRG-Sommerkonzert_Juniorchor.jpg 600w, https:\/\/home.graf-rasso-gymnasium.de\/home\/files\/2015-16\/2016_GRG-Sommerkonzert_Juniorchor-300x200.jpg 300w\" sizes=\"auto, (max-width: 600px) 100vw, 600px\" \/><\/p>\n<p><img loading=\"lazy\" decoding=\"async\" src=\"https:\/\/home.graf-rasso-gymnasium.de\/home\/files\/2015-16\/2016_GRG-Sommerkonzert_Bluemenstraeusse.jpg\" alt=\"2016_GRG-Sommerkonzert_Bluemenstraeusse\" width=\"600\" height=\"400\" class=\"aligncenter size-large wp-image-7763\" srcset=\"https:\/\/home.graf-rasso-gymnasium.de\/home\/files\/2015-16\/2016_GRG-Sommerkonzert_Bluemenstraeusse.jpg 600w, https:\/\/home.graf-rasso-gymnasium.de\/home\/files\/2015-16\/2016_GRG-Sommerkonzert_Bluemenstraeusse-300x200.jpg 300w\" sizes=\"auto, (max-width: 600px) 100vw, 600px\" \/><\/p>\n","protected":false},"excerpt":{"rendered":"<p>Nach intensiven Probentagen im Allg\u00e4u pr\u00e4sentierten die verschiedenen Ensembles des Graf-Rasso-Gymnasiums F\u00fcrstenfeldbruck beim traditionellen Sommerkonzert in der letzten Schulwoche ein ebenso umfangreiches wie anspruchsvolles Programm, das die G\u00e4ste in der vollbesetzten Aula nicht nur zum Mitwippen, sondern immer wieder auch zum Mitsummen \u2013 wenn nicht sogar zum Mitsingen \u2013 brachte. Bemerkenswert erscheint vor allem die [&hellip;]<\/p>\n","protected":false},"author":2,"featured_media":7763,"comment_status":"closed","ping_status":"closed","sticky":false,"template":"","format":"standard","meta":{"footnotes":""},"categories":[12,209],"tags":[168],"class_list":["post-7756","post","type-post","status-publish","format-standard","has-post-thumbnail","hentry","category-musik","category-2015-2016","tag-konzerte"],"_links":{"self":[{"href":"https:\/\/home.graf-rasso-gymnasium.de\/home\/wp-json\/wp\/v2\/posts\/7756","targetHints":{"allow":["GET"]}}],"collection":[{"href":"https:\/\/home.graf-rasso-gymnasium.de\/home\/wp-json\/wp\/v2\/posts"}],"about":[{"href":"https:\/\/home.graf-rasso-gymnasium.de\/home\/wp-json\/wp\/v2\/types\/post"}],"author":[{"embeddable":true,"href":"https:\/\/home.graf-rasso-gymnasium.de\/home\/wp-json\/wp\/v2\/users\/2"}],"replies":[{"embeddable":true,"href":"https:\/\/home.graf-rasso-gymnasium.de\/home\/wp-json\/wp\/v2\/comments?post=7756"}],"version-history":[{"count":3,"href":"https:\/\/home.graf-rasso-gymnasium.de\/home\/wp-json\/wp\/v2\/posts\/7756\/revisions"}],"predecessor-version":[{"id":7766,"href":"https:\/\/home.graf-rasso-gymnasium.de\/home\/wp-json\/wp\/v2\/posts\/7756\/revisions\/7766"}],"wp:featuredmedia":[{"embeddable":true,"href":"https:\/\/home.graf-rasso-gymnasium.de\/home\/wp-json\/wp\/v2\/media\/7763"}],"wp:attachment":[{"href":"https:\/\/home.graf-rasso-gymnasium.de\/home\/wp-json\/wp\/v2\/media?parent=7756"}],"wp:term":[{"taxonomy":"category","embeddable":true,"href":"https:\/\/home.graf-rasso-gymnasium.de\/home\/wp-json\/wp\/v2\/categories?post=7756"},{"taxonomy":"post_tag","embeddable":true,"href":"https:\/\/home.graf-rasso-gymnasium.de\/home\/wp-json\/wp\/v2\/tags?post=7756"}],"curies":[{"name":"wp","href":"https:\/\/api.w.org\/{rel}","templated":true}]}}