{"id":79,"date":"2010-08-31T15:25:36","date_gmt":"2010-08-31T13:25:36","guid":{"rendered":"https:\/\/home.graf-rasso-gymnasium.de\/home\/klassenelternsprecher-allgemeines\/"},"modified":"2014-07-29T07:35:10","modified_gmt":"2014-07-29T06:35:10","slug":"klassenelternsprecher-allgemeines","status":"publish","type":"post","link":"https:\/\/home.graf-rasso-gymnasium.de\/home\/2010\/08\/klassenelternsprecher-allgemeines\/","title":{"rendered":"Klassenelternsprecher: Allgemeines"},"content":{"rendered":"<p>Die Gymnasiale Schulordnung (GSO) \u00a7 118a sieht die M\u00f6glichkeit vor, Klasseneltern -sprecher zu w\u00e4hlen. Am GRG gibt es diese M\u00f6glichkeit seit dem Jahre 1999 (zun\u00e4chst in der Unterstufe, seit 2004 in allen Klassen der Jahrgangsstufen 5-11).<\/p>\n<p>Die Wahl (geheim oder offen) findet zu Beginn jeden Schuljahres durch Aufforderung des Klassenlehrers und des Elternbeirates (EB) statt. Es ist von Vorteil, wenn gleichzeitig ein Stellvertreter gew\u00e4hlt wird. Das Wahlergebnis (incl. Adresse und Telephonnummer) ist am Wahlabend dem Klassenleiter mitzuteilen.<\/p>\n<p>Dem KES kommt am Gymnasium unseres Erachtens eine ganz besondere Aufgabe zu, da dem EB es nicht immer m\u00f6glich ist alle Klassenstufen einigerma\u00dfen gerecht zu repr\u00e4sentieren.<\/p>\n<p>Der KES ist sowohl Ansprechpartner f\u00fcr die Eltern der jeweiligen Klasse, dem EB der Schule als auch zur Vielzahl der Lehrer in der Klasse. Er kann somit einen wesentlichen Teil dazu beitragen, die Klassengemeinschaft zu f\u00f6rdern und zu wahren, sei es durch gemeinsame Aktionen mit den Kindern oder auch den Eltern.<\/p>\n<p>Dadurch wird besonders auch das Zusammengeh\u00f6rigkeitsgef\u00fchl innerhalb der gesamten Schulfamilie gef\u00f6rdert.<\/p>\n<p>Der EB l\u00e4dt in der Regel 2x pro Schuljahr alle KES zu einer au\u00dferordentlichen EB-Sitzung ein, zum gegenseitigen Informationsaustausch.<\/p>\n<p>Im Folgenden sind noch mal die wesentlichen Aufgaben, m\u00f6gliche Aktionen sowie die Vorteile der Arbeit zusammengefasst.<\/p>\n<p><strong>Aufgaben: <span style=\"font-size: small;\"><span style=\"font-family: Times New Roman;\"><br \/>\n<\/span><\/span><\/strong><\/p>\n<ul style=\"margin-top: 0cm;\" type=\"disc\">\n<li>F\u00f6rderung der Zusammenarbeit zwischen Sch\u00fclern, Lehrern und Eltern<\/li>\n<li>Anlaufstelle \/ Vermittler f\u00fcr m\u00f6gliche Probleme innerhalb der Klasse<\/li>\n<li>F\u00f6rderung und Wahrung der Klassengemeinschaft<\/li>\n<li>Kontaktperson zum EB<\/li>\n<li>Informationsaustausch zwischen Schule, EB und Klasse<\/li>\n<li>Unterst\u00fctzung des EB<\/li>\n<\/ul>\n<p><strong>M\u00f6gliche Aktionen zur Erreichung der Ziele:<\/strong><\/p>\n<ul style=\"margin-top: 0cm;\" type=\"disc\">\n<li>Adressliste der Klasse (sehr hilfreich incl. e-mail)<\/li>\n<li>Informationsbriefe an die Eltern<\/li>\n<li>Elternstammtische (gegenseitiges Kennen lernen; hier sollten auch Lehrer eingeladen werden, zum besseren gegenseitigen Verst\u00e4ndnis und Austausch; Bitte nicht missbrauchen als Elternsprechabend!)<\/li>\n<li>Gemeinsame Freizeitaktivit\u00e4ten mit oder ohne andere Eltern oder Lehrern (Theaterbesuch, Schlittschuh, Kegeln, Schwimmen, Skifahren, Zeltwochenende, Radeln, Wandern, Minigolf, Tanzen, Grillen, Basteln, Weihnachtsfeier, &#8230;<\/li>\n<li>Teilnahme an den au\u00dferordentlichen EB &#8211; Sitzungen<\/li>\n<li>Teilnahme \/ Mithilfe am Sommerfest des EB (letzter Mittwoch im Schuljahr)<\/li>\n<li>Und vieles anderes. Der Fantasie sind keine Grenzen gesetzt! Hauptsache ist, dass die Klasse etwas unternimmt und die Gemeinschaft gef\u00f6rdert wird.<\/li>\n<\/ul>\n<p><strong>\u00a0Vorteile:<\/strong><\/p>\n<ul type=\"disc\">\n<li>Engerer Kontakt zwischen Sch\u00fclern, Eltern und Schule<\/li>\n<li>Enger Kontakt zum EB<\/li>\n<li>Leichteres Vermitteln durch bessere Kenntnis der Umst\u00e4nde in der Klasse<\/li>\n<li>Gezielte Weitergabe von Informationen<\/li>\n<li style=\"text-align: left;\">F\u00f6rderung von Transparenz und Kontinuit\u00e4t in der Elternarbeit<\/li>\n<\/ul>\n<p class=\"MsoNormal\" style=\"margin: 0cm 0cm 0pt; text-align: left;\"><strong>Nehmen Sie die Chance wahr und beteiligen Sie sich am vielf\u00e4ltigen und interessanten Leben an unserem Graf-Rasso-Gymnasium! <\/strong><\/p>\n<p>Falls Sie Fragen haben oder Unterst\u00fctzung brauchen, k\u00f6nnen Sie sich gerne an jedes EB\u2013Mitglied wenden.<\/p>\n<p>Viel Spa\u00df und Erfolg in Ihrer Klasse und in unserer Schule!<\/p>\n","protected":false},"excerpt":{"rendered":"<p>Die Gymnasiale Schulordnung (GSO) \u00a7 118a sieht die M\u00f6glichkeit vor, Klasseneltern -sprecher zu w\u00e4hlen. Am GRG gibt es diese M\u00f6glichkeit seit dem Jahre 1999 (zun\u00e4chst in der Unterstufe, seit 2004 in allen Klassen der Jahrgangsstufen 5-11). Die Wahl (geheim oder offen) findet zu Beginn jeden Schuljahres durch Aufforderung des Klassenlehrers und des Elternbeirates (EB) statt. [&hellip;]<\/p>\n","protected":false},"author":13,"featured_media":0,"comment_status":"closed","ping_status":"closed","sticky":false,"template":"","format":"standard","meta":{"footnotes":""},"categories":[38,154],"tags":[191],"class_list":["post-79","post","type-post","status-publish","format-standard","hentry","category-eb-klassenelternsprecher","category-2009-2010","tag-elternbeirat"],"_links":{"self":[{"href":"https:\/\/home.graf-rasso-gymnasium.de\/home\/wp-json\/wp\/v2\/posts\/79","targetHints":{"allow":["GET"]}}],"collection":[{"href":"https:\/\/home.graf-rasso-gymnasium.de\/home\/wp-json\/wp\/v2\/posts"}],"about":[{"href":"https:\/\/home.graf-rasso-gymnasium.de\/home\/wp-json\/wp\/v2\/types\/post"}],"author":[{"embeddable":true,"href":"https:\/\/home.graf-rasso-gymnasium.de\/home\/wp-json\/wp\/v2\/users\/13"}],"replies":[{"embeddable":true,"href":"https:\/\/home.graf-rasso-gymnasium.de\/home\/wp-json\/wp\/v2\/comments?post=79"}],"version-history":[{"count":4,"href":"https:\/\/home.graf-rasso-gymnasium.de\/home\/wp-json\/wp\/v2\/posts\/79\/revisions"}],"predecessor-version":[{"id":2465,"href":"https:\/\/home.graf-rasso-gymnasium.de\/home\/wp-json\/wp\/v2\/posts\/79\/revisions\/2465"}],"wp:attachment":[{"href":"https:\/\/home.graf-rasso-gymnasium.de\/home\/wp-json\/wp\/v2\/media?parent=79"}],"wp:term":[{"taxonomy":"category","embeddable":true,"href":"https:\/\/home.graf-rasso-gymnasium.de\/home\/wp-json\/wp\/v2\/categories?post=79"},{"taxonomy":"post_tag","embeddable":true,"href":"https:\/\/home.graf-rasso-gymnasium.de\/home\/wp-json\/wp\/v2\/tags?post=79"}],"curies":[{"name":"wp","href":"https:\/\/api.w.org\/{rel}","templated":true}]}}