{"id":8350,"date":"2017-03-29T06:51:05","date_gmt":"2017-03-29T04:51:05","guid":{"rendered":"https:\/\/home.graf-rasso-gymnasium.de\/home\/?p=8350"},"modified":"2022-03-03T11:19:16","modified_gmt":"2022-03-03T10:19:16","slug":"begeisterter-applaus-am-unterrichtende-am-graf-rasso-gymnasium-ohne-einen-ton","status":"publish","type":"post","link":"https:\/\/home.graf-rasso-gymnasium.de\/home\/2017\/03\/begeisterter-applaus-am-unterrichtende-am-graf-rasso-gymnasium-ohne-einen-ton\/","title":{"rendered":"Begeisterter Applaus am Unterrichtende am Graf-Rasso-Gymnasium \u2013 ohne einen Ton"},"content":{"rendered":"<p>Freitag, sechste Stunde. Der Schulgong l\u00e4utet das Wochenende ein. Doch die M\u00e4dels und Buben der 7. Klasse st\u00fcrmen nicht sofort aus dem Klassenzimmer. Begeistert haben sie die vergangenen 45 Minuten die Ausf\u00fchrungen von Oliver Gnam verfolgt, der Ihnen aus seinem Leben ohne T\u00f6ne, L\u00e4rm und Musik berichtet hat \u2013 mit seinen H\u00e4nden. Denn Oliver ist von Geburt an geh\u00f6rlos. Im Rahmen des allj\u00e4hrlichen Projekttages zum Thema \u201eLeben mit Behinderungen\u201c hat er mit Hilfe von zwei sehr engagierten Simultandolmetscherinnen f\u00fcnf Unterrichtsstunden lang den Sch\u00fclern der 7. Jahrgangsstufe aus seinem Leben berichtet. Jede Frage wurde geduldig beantwortet und seine Ungezwungenheit nimmt den Sch\u00fclern schnell die Hemmung. So sieht er es durchaus als Vorteil, sich mit Freunden auch \u00fcber gr\u00f6\u00dfere Entfernungen oder durch geschlossene Fenster unterhalten zu k\u00f6nnen, berichtet aber auch \u00fcber Probleme, z.B. wenn es in der S-Bahn Durchsagen zu St\u00f6rungen gibt, die er erst anhand der Reaktion der Mitreisenden und durch \u201eNachfragen\u201c mit Hilfe des Smartphones erf\u00e4hrt.<\/p>\n<p>In den Stunden zuvor hatten die Sch\u00fcler des Weiteren Gelegenheit, sich erkl\u00e4ren zu lassen, wie man sich blind durch den Alltag bewegt, welche Hilfsmittel n\u00fctzlich sind und warum nicht jeder Blinde einen Blindenhund hat. Wie schaffe ich es zwei gleichfarbige Socken anzuziehen, wenn ich die Farbe nicht sehe und wie sieht mein Name in Brailleschrift aus? Was bedeutet der Begriff \u201eGewitter im Kopf\u201c bei einem autistischen Kind und warum ist es f\u00fcr diese Kinder so schwer, sich in eine Gruppe zu integrieren. Welche Hemmungen gibt es in der Gesellschaft gegen\u00fcber Behinderten und wie kann man diese abbauen?<\/p>\n<p>Hemmschwellen- in der Realit\u00e4t und in den K\u00f6pfen der \u201eNormalen\u201c \u2013 der Sehenden und H\u00f6renden, der \u201eFu\u00dfg\u00e4nger\u201c \u2013 die spricht auch Margid Quell, die mehrfache Paralympics Siegerin aus Mammendorf, an, als sie die Sch\u00fcler am ersten Projekttag zwei Tage zuvor begr\u00fc\u00dft und auf eine Sportstunde im Rollstuhl einstimmt. Dank der gro\u00dfz\u00fcgigen Unterst\u00fctzung der Firma Streifeneder und den von Frau Quell und ihren Mitstreitern, den drei Rollstuhlbasketballern des USC M\u00fcnchen, mitgebrachten Sportrollst\u00fchlen k\u00f6nnen fast 20 Sch\u00fcler gleichzeitig durch den aufgebauten Parcours um die Wette rollen. Sp\u00e4ter wird das Passen im Sitzen und der schnelle Positionswechsel mit dem Rollstuhl trainiert. Gar nicht so einfach, die, von den Sportlern liebevoll \u201eOma \u2013 und Opa Rollstuhl\u201c genannten, Gef\u00e4hrte z\u00fcgig zu bewegen um rechtzeitig wieder in der Reihe zu stehen. Am Ende jeder 90 Minuten Einheit wird dann noch mit Engagement und Leidenschaft gespielt unter kr\u00e4ftiger Anfeuerung der Au\u00dfenstehenden.  Jeder kommt dran und zwei Tage sp\u00e4ter sind die beanspruchten Hand- und Armmuskeln noch gut zu sp\u00fcren.<\/p>\n<p>Der Elternbeirat des Graf-Rasso-Gymnasiums ist sich sicher, dass die Sch\u00fcler der diesj\u00e4hrigen 7. Klasse zuk\u00fcnftig anders reagieren, wenn sie auf Menschen treffen, die anders als sie sind, egal, ob sie im Rollstuhl sitzen, mit dem Blindenstock unterwegs sind, mit den H\u00e4nden sprechen oder einen Satz hunderte Mal wiederholen. Dank der vielf\u00e4ltigen Unterst\u00fctzung, vor allem durch die tollen Referenten, die finanziellen Zusch\u00fcsse durch die Hans-Kiener-Stiftung F\u00fcrstenfeldbruck und den F\u00f6rderverein des Graf-Rasso-Gymnasiums, der Leihrollst\u00fchle der Firma Streifeneder und nat\u00fcrlich dem Engagement der beteiligten Eltern, Lehrer und Hausmeister waren auch die diesj\u00e4hrigen Projekttage ein voller Erfolg und die Fortsetzung im n\u00e4chsten Jahr wird nat\u00fcrlich bereits geplant.<\/p>\n<p>(Grit Ullmann\/Elternbeirat des Graf-Rasso-Gymnasiums)<\/p>\n<p><img loading=\"lazy\" decoding=\"async\" src=\"https:\/\/home.graf-rasso-gymnasium.de\/home\/files\/2016-17\/2017-GRG-Inklusion_04_web.jpg\" alt=\"Basketballspieler mit und ohne Rollstuhl im Kreis\" width=\"600\" height=\"400\" class=\"aligncenter size-full wp-image-8354\" srcset=\"https:\/\/home.graf-rasso-gymnasium.de\/home\/files\/2016-17\/2017-GRG-Inklusion_04_web.jpg 600w, https:\/\/home.graf-rasso-gymnasium.de\/home\/files\/2016-17\/2017-GRG-Inklusion_04_web-300x200.jpg 300w\" sizes=\"auto, (max-width: 600px) 100vw, 600px\" \/><\/p>\n<p><img loading=\"lazy\" decoding=\"async\" src=\"https:\/\/home.graf-rasso-gymnasium.de\/home\/files\/2016-17\/2017-GRG-Inklusion_43_web.jpg\" alt=\"Basketballspieler im Rollstuhl\" width=\"600\" height=\"400\" class=\"aligncenter size-full wp-image-8355\" srcset=\"https:\/\/home.graf-rasso-gymnasium.de\/home\/files\/2016-17\/2017-GRG-Inklusion_43_web.jpg 600w, https:\/\/home.graf-rasso-gymnasium.de\/home\/files\/2016-17\/2017-GRG-Inklusion_43_web-300x200.jpg 300w\" sizes=\"auto, (max-width: 600px) 100vw, 600px\" \/><\/p>\n<p><img loading=\"lazy\" decoding=\"async\" src=\"https:\/\/home.graf-rasso-gymnasium.de\/home\/files\/2016-17\/2017-GRG-Inklusion_53_web.jpg\" alt=\"Material\" width=\"600\" height=\"400\" class=\"aligncenter size-full wp-image-8356\" srcset=\"https:\/\/home.graf-rasso-gymnasium.de\/home\/files\/2016-17\/2017-GRG-Inklusion_53_web.jpg 600w, https:\/\/home.graf-rasso-gymnasium.de\/home\/files\/2016-17\/2017-GRG-Inklusion_53_web-300x200.jpg 300w\" sizes=\"auto, (max-width: 600px) 100vw, 600px\" \/><\/p>\n<p><img loading=\"lazy\" decoding=\"async\" src=\"https:\/\/home.graf-rasso-gymnasium.de\/home\/files\/2016-17\/2017-GRG-Inklusion_51_web.jpg\" alt=\"Vortrag zu Sehbehinderung im Klassenzimmer\" width=\"600\" height=\"400\" class=\"aligncenter size-full wp-image-8360\" srcset=\"https:\/\/home.graf-rasso-gymnasium.de\/home\/files\/2016-17\/2017-GRG-Inklusion_51_web.jpg 600w, https:\/\/home.graf-rasso-gymnasium.de\/home\/files\/2016-17\/2017-GRG-Inklusion_51_web-300x200.jpg 300w\" sizes=\"auto, (max-width: 600px) 100vw, 600px\" \/><\/p>\n<p><img loading=\"lazy\" decoding=\"async\" src=\"https:\/\/home.graf-rasso-gymnasium.de\/home\/files\/2016-17\/2017-GRG-Inklusion_57_web.jpg\" alt=\"Sch\u00fcler mit verbundenen Augen\" width=\"400\" height=\"600\" class=\"aligncenter size-full wp-image-8357\" srcset=\"https:\/\/home.graf-rasso-gymnasium.de\/home\/files\/2016-17\/2017-GRG-Inklusion_57_web.jpg 400w, https:\/\/home.graf-rasso-gymnasium.de\/home\/files\/2016-17\/2017-GRG-Inklusion_57_web-200x300.jpg 200w\" sizes=\"auto, (max-width: 400px) 100vw, 400px\" \/><\/p>\n<p><img loading=\"lazy\" decoding=\"async\" src=\"https:\/\/home.graf-rasso-gymnasium.de\/home\/files\/2016-17\/2017-GRG-Inklusion_61_web.jpg\" alt=\"Sch\u00fcler mit verbundenen Augen\" width=\"400\" height=\"600\" class=\"aligncenter size-full wp-image-8352\" srcset=\"https:\/\/home.graf-rasso-gymnasium.de\/home\/files\/2016-17\/2017-GRG-Inklusion_61_web.jpg 400w, https:\/\/home.graf-rasso-gymnasium.de\/home\/files\/2016-17\/2017-GRG-Inklusion_61_web-200x300.jpg 200w\" sizes=\"auto, (max-width: 400px) 100vw, 400px\" \/><\/p>\n<p><img loading=\"lazy\" decoding=\"async\" src=\"https:\/\/home.graf-rasso-gymnasium.de\/home\/files\/2016-17\/2017-GRG-Inklusion_75_web.jpg\" alt=\"Geb\u00e4rdensprache\" width=\"600\" height=\"400\" class=\"aligncenter size-full wp-image-8353\" srcset=\"https:\/\/home.graf-rasso-gymnasium.de\/home\/files\/2016-17\/2017-GRG-Inklusion_75_web.jpg 600w, https:\/\/home.graf-rasso-gymnasium.de\/home\/files\/2016-17\/2017-GRG-Inklusion_75_web-300x200.jpg 300w\" sizes=\"auto, (max-width: 600px) 100vw, 600px\" \/><\/p>\n","protected":false},"excerpt":{"rendered":"<p>Freitag, sechste Stunde. Der Schulgong l\u00e4utet das Wochenende ein. Doch die M\u00e4dels und Buben der 7. Klasse st\u00fcrmen nicht sofort aus dem Klassenzimmer. Begeistert haben sie die vergangenen 45 Minuten die Ausf\u00fchrungen von Oliver Gnam verfolgt, der Ihnen aus seinem Leben ohne T\u00f6ne, L\u00e4rm und Musik berichtet hat \u2013 mit seinen H\u00e4nden. Denn Oliver ist [&hellip;]<\/p>\n","protected":false},"author":2,"featured_media":8355,"comment_status":"closed","ping_status":"closed","sticky":false,"template":"","format":"standard","meta":{"footnotes":""},"categories":[40,46,219],"tags":[191,166,230],"class_list":["post-8350","post","type-post","status-publish","format-standard","has-post-thumbnail","hentry","category-eb-neuigkeiten","category-feste-und-aktionen-der-smv","category-2016-2017","tag-elternbeirat","tag-gaeste","tag-inklusion"],"_links":{"self":[{"href":"https:\/\/home.graf-rasso-gymnasium.de\/home\/wp-json\/wp\/v2\/posts\/8350","targetHints":{"allow":["GET"]}}],"collection":[{"href":"https:\/\/home.graf-rasso-gymnasium.de\/home\/wp-json\/wp\/v2\/posts"}],"about":[{"href":"https:\/\/home.graf-rasso-gymnasium.de\/home\/wp-json\/wp\/v2\/types\/post"}],"author":[{"embeddable":true,"href":"https:\/\/home.graf-rasso-gymnasium.de\/home\/wp-json\/wp\/v2\/users\/2"}],"replies":[{"embeddable":true,"href":"https:\/\/home.graf-rasso-gymnasium.de\/home\/wp-json\/wp\/v2\/comments?post=8350"}],"version-history":[{"count":4,"href":"https:\/\/home.graf-rasso-gymnasium.de\/home\/wp-json\/wp\/v2\/posts\/8350\/revisions"}],"predecessor-version":[{"id":8361,"href":"https:\/\/home.graf-rasso-gymnasium.de\/home\/wp-json\/wp\/v2\/posts\/8350\/revisions\/8361"}],"wp:featuredmedia":[{"embeddable":true,"href":"https:\/\/home.graf-rasso-gymnasium.de\/home\/wp-json\/wp\/v2\/media\/8355"}],"wp:attachment":[{"href":"https:\/\/home.graf-rasso-gymnasium.de\/home\/wp-json\/wp\/v2\/media?parent=8350"}],"wp:term":[{"taxonomy":"category","embeddable":true,"href":"https:\/\/home.graf-rasso-gymnasium.de\/home\/wp-json\/wp\/v2\/categories?post=8350"},{"taxonomy":"post_tag","embeddable":true,"href":"https:\/\/home.graf-rasso-gymnasium.de\/home\/wp-json\/wp\/v2\/tags?post=8350"}],"curies":[{"name":"wp","href":"https:\/\/api.w.org\/{rel}","templated":true}]}}