{"id":8439,"date":"2017-05-16T22:38:53","date_gmt":"2017-05-16T20:38:53","guid":{"rendered":"https:\/\/home.graf-rasso-gymnasium.de\/home\/?p=8439"},"modified":"2018-03-18T14:13:13","modified_gmt":"2018-03-18T13:13:13","slug":"201617-3-newsletter-des-elternbeirats","status":"publish","type":"post","link":"https:\/\/home.graf-rasso-gymnasium.de\/home\/2017\/05\/201617-3-newsletter-des-elternbeirats\/","title":{"rendered":"2016\/17, 3. Newsletter des Elternbeirats"},"content":{"rendered":"<p>3. EB Newsletter Schuljahr 2016\/17\u00a0\u00a0\u00a0\u00a0\u00a0\u00a0\u00a0\u00a0\u00a0\u00a0\u00a0\u00a0\u00a0\u00a0\u00a0\u00a0\u00a0\u00a0\u00a0\u00a0\u00a0\u00a0\u00a0\u00a0\u00a0\u00a0\u00a0\u00a0\u00a0\u00a0\u00a0\u00a0\u00a0\u00a0\u00a0\u00a0\u00a0\u00a0\u00a0\u00a0\u00a0\u00a0\u00a0\u00a0\u00a0\u00a0\u00a0\u00a0\u00a0\u00a0\u00a0\u00a0\u00a0\u00a0\u00a0\u00a0\u00a0\u00a0\u00a0\u00a0\u00a0\u00a0\u00a0\u00a0\u00a0\u00a0\u00a0\u00a0\u00a0\u00a0\u00a0\u00a0\u00a0\u00a0\u00a0\u00a0\u00a0\u00a0\u00a0\u00a0\u00a0\u00a0\u00a0\u00a0\u00a0\u00a0\u00a0\u00a0\u00a0\u00a0\u00a0\u00a0\u00a0\u00a0\u00a0\u00a0\u00a0\u00a0\u00a0\u00a0\u00a0\u00a0\u00a0\u00a0\u00a0\u00a0\u00a0\u00a0\u00a0\u00a0\u00a0\u00a0\u00a0\u00a0\u00a0\u00a0\u00a0 Mai 2017<\/p>\n<p><a href=\"https:\/\/home.graf-rasso-gymnasium.de\/home\/files\/2016-17\/EB-201705-NewsletterEbGrgMai2017.pdf\">Hier geht es zur PDF-Version<\/a><\/p>\n<p>Liebe Eltern,<\/p>\n<p>Da sich der Fr\u00fchling in diesem Jahr sehr z\u00f6gerlich zeigt, mag man es kaum glauben, aber die vielen tollen Mutmach-Plakate f\u00fcr unsere Abiturienten weisen darauf hin, wir gehen tats\u00e4chlich schon wieder in den Endspurt des Schuljahres.<br \/>\nIm Elternbeirat merken wir das daran, dass in unseren monatlichen Sitzungen das Thema Sommerfest schon wieder ganz oben auf der Agenda steht, am 27.7. ist es soweit und wir hoffen schon jetzt wieder auf tatkr\u00e4ftige Unterst\u00fctzung durch Sie und Ihre Kinder.<br \/>\nAm 30. Mai wird unsere zweite Klassenelternsprecher (KES) Versammlung stattfinden, die Einladungen sind verteilt. Ihre KES haben Sie hoffentlich bereits dar\u00fcber informiert. Bitte denken Sie daran, dass Sie die M\u00f6glichkeit haben, Themen oder Fragen, die Sie bewegen und die nicht in unseren Frequently Asked Questions (<a href=\"http:\/\/grg-eb.de\/wordpress\/elternbeirat-am-graf-rasso-gymnasium-ffb\/faq-frequently-asked-questions\/\">http:\/\/grg-eb.de\/wordpress\/elternbeirat-am-graf-rasso-gymnasium-ffb\/faq-frequently-asked-questions\/<\/a>) bereits erl\u00e4utert sind, \u00fcber Ihre KES einzureichen.<br \/>\nW\u00e4hrend des zur\u00fcckliegenden Elternsprechtages hatten wir aufgrund des geringen Gespr\u00e4chsbedarfs durch die anwesenden Eltern den Eindruck, dass es derzeit keine zu diskutierenden Fragen gibt. Sollte das doch der Fall sein, k\u00f6nnen Sie uns jederzeit auch kurzfristig \u00fcber unsere Kontaktadresse <a href=\"mailto:info@grg-eb.de\">info@grg-eb.de<\/a> oder \u00fcber unsere Kontaktseite (<a href=\"https:\/\/home.graf-rasso-gymnasium.de\/home\/kontakt\/ansprechpartner\/elternbeirat\/\">https:\/\/home.graf-rasso-gymnasium.de\/home\/kontakt\/ansprechpartner\/elternbeirat\/<\/a>) erreichen.<br \/>\nAuf der zur\u00fcckliegenden Landkreis-Elternbeirats-Sitzung haben wir auch erfahren, dass bei weitem nicht alle Gymnasien so fortschrittliche Informationssysteme f\u00fcr die Eltern haben und viele \u00e4hnliche L\u00f6sungen, wie bei uns bereits etabliert, anstreben (Elternportal, elektronische Buchung von Sprechzeiten und -tagen, Informationen \u00fcber Schulaufgaben und Vertretungen).<br \/>\nIn diesem Schuljahr steht das Thema \u201eMedienkompetenz\u201c wieder im Fokus, auch aufgrund einiger unerfreulicher Vorg\u00e4nge auf Instagram, \u00fcber die Sie die Schulleitung in Abstimmung mit uns bereits sehr offen informiert hat. Das wird nicht an allen Schulen so gehandhabt. Wir sind gemeinsam mit der Fachschaft Informatik und der Schulsozialp\u00e4dagogin, Frau Bellwinkel in regem Austausch \u00fcber alle Ma\u00dfnahmen, die von Seiten der Schule und des Elternbeirates ergriffen werden k\u00f6nnen. Bitte denken Sie aber daran, die Hauptverantwortung, wie wir unsere Kinder im Umgang mit den neuen Medien erziehen, liegt in erster Linie bei uns! Wir m\u00fcssen unseren Kindern beibringen, dass auch in der angeblichen \u201eAnonymit\u00e4t\u201c des Netzes wenig anonym ist und dass jeder einzelne sich bewusst sein sollte, was er mit seinen Posts bewirken\/anrichten kann. Letztendlich sollte jeder \u00fcberlegen, ob er\/sie das, was er\/sie gerade schreibt, denn auch \u00fcber sich selbst gerne lesen w\u00fcrden und wie es sich anf\u00fchlen w\u00fcrde, wenn man selbst im Netz die Zielscheibe von un\u00fcberlegten und\/oder negativen\/rufsch\u00e4digenden Postings w\u00e4re. Bei Problemen sollte man den direkten Weg bevorzugen, konstruktive Kritik im pers\u00f6nlichen Gespr\u00e4ch, ggf. auch mit Hilfe von Vertrauenslehrern\/einer Vertrauensperson, ist sicher viel hilfreicher.<br \/>\nF\u00fcr die n\u00e4chste Zeit w\u00fcnschen wir allen Sch\u00fclern und Sch\u00fclerinnen viel Erfolg bei den anstehenden Schulaufgaben, vor allem nat\u00fcrlich unseren Abiturienten bei Ihren Pr\u00fcfungen! Wir freuen uns schon auf viele interessante Gespr\u00e4che bei der KES Sitzung und eine rege Beteiligung am Sommerfest.<\/p>\n<p>Viele liebe Gr\u00fc\u00dfe<\/p>\n<p>&nbsp;<\/p>\n<p>Ihr Elternbeirat<\/p>\n","protected":false},"excerpt":{"rendered":"<p>3. EB Newsletter Schuljahr 2016\/17\u00a0\u00a0\u00a0\u00a0\u00a0\u00a0\u00a0\u00a0\u00a0\u00a0\u00a0\u00a0\u00a0\u00a0\u00a0\u00a0\u00a0\u00a0\u00a0\u00a0\u00a0\u00a0\u00a0\u00a0\u00a0\u00a0\u00a0\u00a0\u00a0\u00a0\u00a0\u00a0\u00a0\u00a0\u00a0\u00a0\u00a0\u00a0\u00a0\u00a0\u00a0\u00a0\u00a0\u00a0\u00a0\u00a0\u00a0\u00a0\u00a0\u00a0\u00a0\u00a0\u00a0\u00a0\u00a0\u00a0\u00a0\u00a0\u00a0\u00a0\u00a0\u00a0\u00a0\u00a0\u00a0\u00a0\u00a0\u00a0\u00a0\u00a0\u00a0\u00a0\u00a0\u00a0\u00a0\u00a0\u00a0\u00a0\u00a0\u00a0\u00a0\u00a0\u00a0\u00a0\u00a0\u00a0\u00a0\u00a0\u00a0\u00a0\u00a0\u00a0\u00a0\u00a0\u00a0\u00a0\u00a0\u00a0\u00a0\u00a0\u00a0\u00a0\u00a0\u00a0\u00a0\u00a0\u00a0\u00a0\u00a0\u00a0\u00a0\u00a0\u00a0\u00a0\u00a0\u00a0\u00a0 Mai 2017 Hier geht es zur PDF-Version Liebe Eltern, Da sich der Fr\u00fchling in diesem Jahr sehr z\u00f6gerlich zeigt, mag man es kaum glauben, aber die vielen tollen Mutmach-Plakate f\u00fcr unsere Abiturienten weisen darauf hin, wir gehen tats\u00e4chlich schon wieder in den Endspurt des Schuljahres. Im Elternbeirat merken wir das [&hellip;]<\/p>\n","protected":false},"author":13,"featured_media":0,"comment_status":"closed","ping_status":"closed","sticky":false,"template":"","format":"standard","meta":{"footnotes":""},"categories":[138,219],"tags":[191,180],"class_list":["post-8439","post","type-post","status-publish","format-standard","hentry","category-eb-newsletter","category-2016-2017","tag-elternbeirat","tag-newsletter"],"_links":{"self":[{"href":"https:\/\/home.graf-rasso-gymnasium.de\/home\/wp-json\/wp\/v2\/posts\/8439","targetHints":{"allow":["GET"]}}],"collection":[{"href":"https:\/\/home.graf-rasso-gymnasium.de\/home\/wp-json\/wp\/v2\/posts"}],"about":[{"href":"https:\/\/home.graf-rasso-gymnasium.de\/home\/wp-json\/wp\/v2\/types\/post"}],"author":[{"embeddable":true,"href":"https:\/\/home.graf-rasso-gymnasium.de\/home\/wp-json\/wp\/v2\/users\/13"}],"replies":[{"embeddable":true,"href":"https:\/\/home.graf-rasso-gymnasium.de\/home\/wp-json\/wp\/v2\/comments?post=8439"}],"version-history":[{"count":2,"href":"https:\/\/home.graf-rasso-gymnasium.de\/home\/wp-json\/wp\/v2\/posts\/8439\/revisions"}],"predecessor-version":[{"id":9647,"href":"https:\/\/home.graf-rasso-gymnasium.de\/home\/wp-json\/wp\/v2\/posts\/8439\/revisions\/9647"}],"wp:attachment":[{"href":"https:\/\/home.graf-rasso-gymnasium.de\/home\/wp-json\/wp\/v2\/media?parent=8439"}],"wp:term":[{"taxonomy":"category","embeddable":true,"href":"https:\/\/home.graf-rasso-gymnasium.de\/home\/wp-json\/wp\/v2\/categories?post=8439"},{"taxonomy":"post_tag","embeddable":true,"href":"https:\/\/home.graf-rasso-gymnasium.de\/home\/wp-json\/wp\/v2\/tags?post=8439"}],"curies":[{"name":"wp","href":"https:\/\/api.w.org\/{rel}","templated":true}]}}