{"id":8467,"date":"2017-06-23T12:08:13","date_gmt":"2017-06-23T10:08:13","guid":{"rendered":"https:\/\/home.graf-rasso-gymnasium.de\/home\/?p=8467"},"modified":"2017-07-30T14:13:27","modified_gmt":"2017-07-30T12:13:27","slug":"bienenlehrpfad-am-gruenen-zentrum-puch-eroeffnet","status":"publish","type":"post","link":"https:\/\/home.graf-rasso-gymnasium.de\/home\/2017\/06\/bienenlehrpfad-am-gruenen-zentrum-puch-eroeffnet\/","title":{"rendered":"Bienenlehrpfad am Gr\u00fcnen Zentrum Puch er\u00f6ffnet"},"content":{"rendered":"<p><strong>Ein Kooperationsprojekt des P-Seminars Biologie mit dem Imkerverein F\u00fcrstenfeldbruck<\/strong><\/p>\n<p>Am Sonntag, dem 18. Juni 2017 wurde bei herrlichem Sonnenschein in feierlichem Rahmen der neue Bienenlehrpfad am Gr\u00fcnen Zentrum in Puch er\u00f6ffnet. Im Beisein von Oberb\u00fcrgermeister Erich Raff \u00fcberzeugten sich zahlreiche Besucher vom Gemeinschaftsprojekt, das aus der gedeihlichen Zusammenarbeit des P-Seminars Biologie 2015\/2017 unter der Leitung von Herrn Ostermeier und dem Imkerverein F\u00fcrstenfeldbruck und Umgebung hervorging. In enger Abstimmung entwickelten, designten und bauten die Sch\u00fcler des GRG zw\u00f6lf Schautafeln rund um die Honigbiene. Mit dem Gr\u00fcnen Zentrum in Puch konnte ein perfekt geeigneter Standort f\u00fcr den Lehrpfad gefunden werden, da dieser den Lehrbienenstand des Imkervereins erg\u00e4nzt und erweitert.<\/p>\n<p>Thomas Ostermeier<\/p>\n<figure id=\"attachment_8470\" aria-describedby=\"caption-attachment-8470\" style=\"width: 600px\" class=\"wp-caption alignnone\"><img loading=\"lazy\" decoding=\"async\" src=\"https:\/\/home.graf-rasso-gymnasium.de\/home\/files\/2016-17\/bienen_DSC_7393.jpg\" alt=\"\" width=\"600\" height=\"397\" class=\"size-full wp-image-8470\" srcset=\"https:\/\/home.graf-rasso-gymnasium.de\/home\/files\/2016-17\/bienen_DSC_7393.jpg 600w, https:\/\/home.graf-rasso-gymnasium.de\/home\/files\/2016-17\/bienen_DSC_7393-300x199.jpg 300w\" sizes=\"auto, (max-width: 600px) 100vw, 600px\" \/><figcaption id=\"caption-attachment-8470\" class=\"wp-caption-text\">Der Vorstand des Imkervereins Walter D\u00fcrl erl\u00e4utert einem interessierten Publikum eine Schautafel<\/figcaption><\/figure>\n<figure id=\"attachment_8469\" aria-describedby=\"caption-attachment-8469\" style=\"width: 600px\" class=\"wp-caption alignnone\"><img loading=\"lazy\" decoding=\"async\" src=\"https:\/\/home.graf-rasso-gymnasium.de\/home\/files\/2016-17\/bienen_DSC_7358.jpg\" alt=\"\" width=\"600\" height=\"397\" class=\"size-full wp-image-8469\" srcset=\"https:\/\/home.graf-rasso-gymnasium.de\/home\/files\/2016-17\/bienen_DSC_7358.jpg 600w, https:\/\/home.graf-rasso-gymnasium.de\/home\/files\/2016-17\/bienen_DSC_7358-300x199.jpg 300w\" sizes=\"auto, (max-width: 600px) 100vw, 600px\" \/><figcaption id=\"caption-attachment-8469\" class=\"wp-caption-text\">Die Schautafeln wurden durch Legemuster aus Pflasterplatten und eine bienengeeignete Bepflanzung erg\u00e4nzt<\/figcaption><\/figure>\n<p><img loading=\"lazy\" decoding=\"async\" src=\"https:\/\/home.graf-rasso-gymnasium.de\/home\/files\/2016-17\/bienen_DSC_7408.jpg\" alt=\"\" width=\"600\" height=\"397\" class=\"size-full wp-image-8471\" srcset=\"https:\/\/home.graf-rasso-gymnasium.de\/home\/files\/2016-17\/bienen_DSC_7408.jpg 600w, https:\/\/home.graf-rasso-gymnasium.de\/home\/files\/2016-17\/bienen_DSC_7408-300x199.jpg 300w\" sizes=\"auto, (max-width: 600px) 100vw, 600px\" \/><\/p>\n","protected":false},"excerpt":{"rendered":"<p>Ein Kooperationsprojekt des P-Seminars Biologie mit dem Imkerverein F\u00fcrstenfeldbruck Am Sonntag, dem 18. Juni 2017 wurde bei herrlichem Sonnenschein in feierlichem Rahmen der neue Bienenlehrpfad am Gr\u00fcnen Zentrum in Puch er\u00f6ffnet. Im Beisein von Oberb\u00fcrgermeister Erich Raff \u00fcberzeugten sich zahlreiche Besucher vom Gemeinschaftsprojekt, das aus der gedeihlichen Zusammenarbeit des P-Seminars Biologie 2015\/2017 unter der Leitung [&hellip;]<\/p>\n","protected":false},"author":2,"featured_media":8471,"comment_status":"closed","ping_status":"closed","sticky":false,"template":"","format":"standard","meta":{"footnotes":""},"categories":[15,219],"tags":[188,167,170],"class_list":["post-8467","post","type-post","status-publish","format-standard","has-post-thumbnail","hentry","category-biologie","category-2016-2017","tag-biologie","tag-exkursionen","tag-seminare"],"_links":{"self":[{"href":"https:\/\/home.graf-rasso-gymnasium.de\/home\/wp-json\/wp\/v2\/posts\/8467","targetHints":{"allow":["GET"]}}],"collection":[{"href":"https:\/\/home.graf-rasso-gymnasium.de\/home\/wp-json\/wp\/v2\/posts"}],"about":[{"href":"https:\/\/home.graf-rasso-gymnasium.de\/home\/wp-json\/wp\/v2\/types\/post"}],"author":[{"embeddable":true,"href":"https:\/\/home.graf-rasso-gymnasium.de\/home\/wp-json\/wp\/v2\/users\/2"}],"replies":[{"embeddable":true,"href":"https:\/\/home.graf-rasso-gymnasium.de\/home\/wp-json\/wp\/v2\/comments?post=8467"}],"version-history":[{"count":6,"href":"https:\/\/home.graf-rasso-gymnasium.de\/home\/wp-json\/wp\/v2\/posts\/8467\/revisions"}],"predecessor-version":[{"id":8476,"href":"https:\/\/home.graf-rasso-gymnasium.de\/home\/wp-json\/wp\/v2\/posts\/8467\/revisions\/8476"}],"wp:featuredmedia":[{"embeddable":true,"href":"https:\/\/home.graf-rasso-gymnasium.de\/home\/wp-json\/wp\/v2\/media\/8471"}],"wp:attachment":[{"href":"https:\/\/home.graf-rasso-gymnasium.de\/home\/wp-json\/wp\/v2\/media?parent=8467"}],"wp:term":[{"taxonomy":"category","embeddable":true,"href":"https:\/\/home.graf-rasso-gymnasium.de\/home\/wp-json\/wp\/v2\/categories?post=8467"},{"taxonomy":"post_tag","embeddable":true,"href":"https:\/\/home.graf-rasso-gymnasium.de\/home\/wp-json\/wp\/v2\/tags?post=8467"}],"curies":[{"name":"wp","href":"https:\/\/api.w.org\/{rel}","templated":true}]}}