{"id":8674,"date":"2017-10-05T14:49:00","date_gmt":"2017-10-05T12:49:00","guid":{"rendered":"https:\/\/home.graf-rasso-gymnasium.de\/home\/?p=8674"},"modified":"2018-01-09T05:50:45","modified_gmt":"2018-01-09T04:50:45","slug":"igitt-fisch","status":"publish","type":"post","link":"https:\/\/home.graf-rasso-gymnasium.de\/home\/2017\/10\/igitt-fisch\/","title":{"rendered":"&#8222;Igitt, Fisch!&#8220;"},"content":{"rendered":"<p>Das war die erste Reaktion, als ich letzten Freitag &#8211; mit 15 Forellen im Schlepptau \u2013 den NuT-Raum der 6d betrat. Ziel der Doppelstunde war es, die Anpassungen eines heimischen Fisches an den Lebensraum Wasser zu erkunden. Und das sowohl von au\u00dfen als auch von innen.<\/p>\n<p>Nach anf\u00e4nglichen Ber\u00fchrungs\u00e4ngsten hie\u00dfen die Fische schnell Bert oder Frida und die Erkenntnis, dass die Schleimschicht auf der Au\u00dfenseite des Fisches wirklich ziemlich glitschig ist, weckte den Forscherdrang. Schnell wurde der Weg des Wassers \u00fcber Mund und Kiemen untersucht, die Kiemendeckel abpr\u00e4pariert um die Kiemenb\u00f6gen z\u00e4hlen zu k\u00f6nnen und der Finger ins Fischmaul gesteckt, um die scharfen Z\u00e4hne und die \u201ebezahnte\u201c Zunge zu erstasten. Letztere f\u00fchrte zu erstaunten und begeisterten \u201eboah, cool\u201c-Rufen.<\/p>\n<p>Durch die \u00e4u\u00dfere Untersuchung voll in ihrem Element, fiel dann auch die innere Untersuchung des Fisches nicht mehr schwer. Herz, Leber, Schwimmblase und Darm wurden identifiziert und die Wirbels\u00e4ule freigelegt. Damit w\u00e4re eigentlich das Arbeitspensum erledigt gewesen, die Neugierde schien aber l\u00e4ngst nicht gestillt. Am Ende fanden sich in manchen Pr\u00e4parierschalen neben den gew\u00fcnschten Organen auch das Gehirn und die Linse des Fischauges. Und \u201eIgitt\u201c fand den Fisch am Ende fast keiner mehr.<\/p>\n<p>Nina Ostermeier<\/p>\n<p><img loading=\"lazy\" decoding=\"async\" src=\"https:\/\/home.graf-rasso-gymnasium.de\/home\/files\/2017-18\/fischpraeparation_2.jpg\" alt=\"\" width=\"800\" height=\"600\" class=\"alignnone size-full wp-image-8676\" srcset=\"https:\/\/home.graf-rasso-gymnasium.de\/home\/files\/2017-18\/fischpraeparation_2.jpg 800w, https:\/\/home.graf-rasso-gymnasium.de\/home\/files\/2017-18\/fischpraeparation_2-300x225.jpg 300w, https:\/\/home.graf-rasso-gymnasium.de\/home\/files\/2017-18\/fischpraeparation_2-768x576.jpg 768w\" sizes=\"auto, (max-width: 800px) 100vw, 800px\" \/><\/p>\n<p><img loading=\"lazy\" decoding=\"async\" src=\"https:\/\/home.graf-rasso-gymnasium.de\/home\/files\/2017-18\/fischpraeparation_3.jpg\" alt=\"\" width=\"700\" height=\"525\" class=\"alignnone size-large wp-image-8677\" srcset=\"https:\/\/home.graf-rasso-gymnasium.de\/home\/files\/2017-18\/fischpraeparation_3.jpg 800w, https:\/\/home.graf-rasso-gymnasium.de\/home\/files\/2017-18\/fischpraeparation_3-300x225.jpg 300w, https:\/\/home.graf-rasso-gymnasium.de\/home\/files\/2017-18\/fischpraeparation_3-768x576.jpg 768w\" sizes=\"auto, (max-width: 700px) 100vw, 700px\" \/><\/p>\n","protected":false},"excerpt":{"rendered":"<p>Das war die erste Reaktion, als ich letzten Freitag &#8211; mit 15 Forellen im Schlepptau \u2013 den NuT-Raum der 6d betrat. Ziel der Doppelstunde war es, die Anpassungen eines heimischen Fisches an den Lebensraum Wasser zu erkunden. Und das sowohl von au\u00dfen als auch von innen. Nach anf\u00e4nglichen Ber\u00fchrungs\u00e4ngsten hie\u00dfen die Fische schnell Bert oder [&hellip;]<\/p>\n","protected":false},"author":2,"featured_media":8677,"comment_status":"closed","ping_status":"closed","sticky":false,"template":"","format":"standard","meta":{"footnotes":""},"categories":[15,223],"tags":[188],"class_list":["post-8674","post","type-post","status-publish","format-standard","has-post-thumbnail","hentry","category-biologie","category-2017-2018","tag-biologie"],"_links":{"self":[{"href":"https:\/\/home.graf-rasso-gymnasium.de\/home\/wp-json\/wp\/v2\/posts\/8674","targetHints":{"allow":["GET"]}}],"collection":[{"href":"https:\/\/home.graf-rasso-gymnasium.de\/home\/wp-json\/wp\/v2\/posts"}],"about":[{"href":"https:\/\/home.graf-rasso-gymnasium.de\/home\/wp-json\/wp\/v2\/types\/post"}],"author":[{"embeddable":true,"href":"https:\/\/home.graf-rasso-gymnasium.de\/home\/wp-json\/wp\/v2\/users\/2"}],"replies":[{"embeddable":true,"href":"https:\/\/home.graf-rasso-gymnasium.de\/home\/wp-json\/wp\/v2\/comments?post=8674"}],"version-history":[{"count":4,"href":"https:\/\/home.graf-rasso-gymnasium.de\/home\/wp-json\/wp\/v2\/posts\/8674\/revisions"}],"predecessor-version":[{"id":8680,"href":"https:\/\/home.graf-rasso-gymnasium.de\/home\/wp-json\/wp\/v2\/posts\/8674\/revisions\/8680"}],"wp:featuredmedia":[{"embeddable":true,"href":"https:\/\/home.graf-rasso-gymnasium.de\/home\/wp-json\/wp\/v2\/media\/8677"}],"wp:attachment":[{"href":"https:\/\/home.graf-rasso-gymnasium.de\/home\/wp-json\/wp\/v2\/media?parent=8674"}],"wp:term":[{"taxonomy":"category","embeddable":true,"href":"https:\/\/home.graf-rasso-gymnasium.de\/home\/wp-json\/wp\/v2\/categories?post=8674"},{"taxonomy":"post_tag","embeddable":true,"href":"https:\/\/home.graf-rasso-gymnasium.de\/home\/wp-json\/wp\/v2\/tags?post=8674"}],"curies":[{"name":"wp","href":"https:\/\/api.w.org\/{rel}","templated":true}]}}