{"id":8862,"date":"2017-11-24T15:08:02","date_gmt":"2017-11-24T14:08:02","guid":{"rendered":"https:\/\/home.graf-rasso-gymnasium.de\/home\/?p=8862"},"modified":"2018-03-09T13:23:33","modified_gmt":"2018-03-09T12:23:33","slug":"mit-ovids-metamorphosen-in-der-abgusssammlung-der-glyptothek-preisverleihung-latein","status":"publish","type":"post","link":"https:\/\/home.graf-rasso-gymnasium.de\/home\/2017\/11\/mit-ovids-metamorphosen-in-der-abgusssammlung-der-glyptothek-preisverleihung-latein\/","title":{"rendered":"Mit Ovids Metamorphosen in der Abgusssammlung der Glyptothek: Preisverleihung Latein"},"content":{"rendered":"<p>Das GRG gratuliert den Lateinsch\u00fclern der ehemaligen Klasse 10d und ihrer Lehrerin Frau Kennerknecht zu ihrem Preis f\u00fcr ihr Projekt<\/p>\n<p><strong>&#8222;Mit Ovids Metamorphosen in der Abgusssammlung der Glyptothek&#8220;. <\/strong><\/p>\n<p>Vom Arbeitskreis Humanistisches Gymnasium und der Elisabeth-J.-Saal-Stiftung war zum 2000. Todestages von Ovid ein Wettbewerb unter dem Titel &#8222;Celebremus Ovidium&#8220; (Kommt, lasst uns Ovid feiern!) ausgeschrieben worden. \u00dcber 40 Gymnasien beteiligten sich, elf Beitr\u00e4ge wurden am 21.11.2017 in einem Festakt mit Festvortrag und musikalischer Umrahmung im Sophiensaal am Alten Botanischen Garten pr\u00e4miert. Die Palette der eingereichten Beitr\u00e4ge war bunt. Die Sch\u00fcler hatten unter anderem Videos gedreht, Installationen pr\u00e4sentiert, Theaterst\u00fccke aufgef\u00fchrt, ein Triptychon gestaltet und sogar anhand von M\u00fcnzen und Briefmarken die jahrhundertealte Rezeption von Ovid dokumentiert. <\/p>\n<p>Unsere 10d f\u00fchrte letztes Schuljahr unter den Geigenkl\u00e4ngen eines Mitsch\u00fclers Szenen aus Ovids Metamorphosen zwischen ausgew\u00e4hlten Skulpturen der Abgusssammlung M\u00fcnchen auf. Nachdem sie von dem Wettbewerb geh\u00f6rt hatten, bewarben sie sich und siehe da, sie konnten bestehen und \u00fcberzeugen. Als sie mit ihrer ehemaligen Lehrerin nun zur Ehrung sch\u00fcchtern und doch stolz auf der B\u00fchne standen, sagte der Vorsitzende des Arbeitskreises Dr. R\u00f6misch in einer kurzen Darstellung und W\u00fcrdigung ihrer Leistung, solch ein Nach-Au\u00dfen-Tragen dieser faszinierenden Verwandlungsgeschichten verdient Anerkennung und Nachahmung. Der Preis bestand in einer finanziellen Zuwendung.<\/p>\n<p>Die Fachschaft Latein gratuliert den Preistr\u00e4gern ebenfalls zu ihrem gelungen Beitrag, w\u00fcnscht viel Spa\u00df bei dem, was sich die Gewinner f\u00fcr ihre finanzielle Anerkennung g\u00f6nnen und hofft ebenfalls auf baldige Nachahmung eines derart ansprechenden und gelungenen Projekts am GRG.<\/p>\n<p><img loading=\"lazy\" decoding=\"async\" src=\"https:\/\/home.graf-rasso-gymnasium.de\/home\/files\/2017-18\/ovid_preis_collage.jpg\" alt=\"\" width=\"700\" height=\"495\" class=\"alignnone size-full wp-image-8864\" srcset=\"https:\/\/home.graf-rasso-gymnasium.de\/home\/files\/2017-18\/ovid_preis_collage.jpg 700w, https:\/\/home.graf-rasso-gymnasium.de\/home\/files\/2017-18\/ovid_preis_collage-300x212.jpg 300w\" sizes=\"auto, (max-width: 700px) 100vw, 700px\" \/><\/p>\n<p><img loading=\"lazy\" decoding=\"async\" src=\"https:\/\/home.graf-rasso-gymnasium.de\/home\/files\/2017-18\/ovid_preisverleihung.jpg\" alt=\"\" width=\"700\" height=\"394\" class=\"alignnone size-full wp-image-8865\" srcset=\"https:\/\/home.graf-rasso-gymnasium.de\/home\/files\/2017-18\/ovid_preisverleihung.jpg 700w, https:\/\/home.graf-rasso-gymnasium.de\/home\/files\/2017-18\/ovid_preisverleihung-300x169.jpg 300w, https:\/\/home.graf-rasso-gymnasium.de\/home\/files\/2017-18\/ovid_preisverleihung-460x260.jpg 460w\" sizes=\"auto, (max-width: 700px) 100vw, 700px\" \/><\/p>\n","protected":false},"excerpt":{"rendered":"<p>Das GRG gratuliert den Lateinsch\u00fclern der ehemaligen Klasse 10d und ihrer Lehrerin Frau Kennerknecht zu ihrem Preis f\u00fcr ihr Projekt &#8222;Mit Ovids Metamorphosen in der Abgusssammlung der Glyptothek&#8220;. Vom Arbeitskreis Humanistisches Gymnasium und der Elisabeth-J.-Saal-Stiftung war zum 2000. Todestages von Ovid ein Wettbewerb unter dem Titel &#8222;Celebremus Ovidium&#8220; (Kommt, lasst uns Ovid feiern!) ausgeschrieben worden. [&hellip;]<\/p>\n","protected":false},"author":2,"featured_media":8864,"comment_status":"closed","ping_status":"closed","sticky":false,"template":"","format":"standard","meta":{"footnotes":""},"categories":[23,224,223],"tags":[201,165],"class_list":["post-8862","post","type-post","status-publish","format-standard","has-post-thumbnail","hentry","category-latein","category-latein-veranstaltungen","category-2017-2018","tag-latein","tag-wettbewerbe"],"_links":{"self":[{"href":"https:\/\/home.graf-rasso-gymnasium.de\/home\/wp-json\/wp\/v2\/posts\/8862","targetHints":{"allow":["GET"]}}],"collection":[{"href":"https:\/\/home.graf-rasso-gymnasium.de\/home\/wp-json\/wp\/v2\/posts"}],"about":[{"href":"https:\/\/home.graf-rasso-gymnasium.de\/home\/wp-json\/wp\/v2\/types\/post"}],"author":[{"embeddable":true,"href":"https:\/\/home.graf-rasso-gymnasium.de\/home\/wp-json\/wp\/v2\/users\/2"}],"replies":[{"embeddable":true,"href":"https:\/\/home.graf-rasso-gymnasium.de\/home\/wp-json\/wp\/v2\/comments?post=8862"}],"version-history":[{"count":4,"href":"https:\/\/home.graf-rasso-gymnasium.de\/home\/wp-json\/wp\/v2\/posts\/8862\/revisions"}],"predecessor-version":[{"id":8868,"href":"https:\/\/home.graf-rasso-gymnasium.de\/home\/wp-json\/wp\/v2\/posts\/8862\/revisions\/8868"}],"wp:featuredmedia":[{"embeddable":true,"href":"https:\/\/home.graf-rasso-gymnasium.de\/home\/wp-json\/wp\/v2\/media\/8864"}],"wp:attachment":[{"href":"https:\/\/home.graf-rasso-gymnasium.de\/home\/wp-json\/wp\/v2\/media?parent=8862"}],"wp:term":[{"taxonomy":"category","embeddable":true,"href":"https:\/\/home.graf-rasso-gymnasium.de\/home\/wp-json\/wp\/v2\/categories?post=8862"},{"taxonomy":"post_tag","embeddable":true,"href":"https:\/\/home.graf-rasso-gymnasium.de\/home\/wp-json\/wp\/v2\/tags?post=8862"}],"curies":[{"name":"wp","href":"https:\/\/api.w.org\/{rel}","templated":true}]}}