{"id":9080,"date":"2018-01-19T14:59:49","date_gmt":"2018-01-19T13:59:49","guid":{"rendered":"https:\/\/home.graf-rasso-gymnasium.de\/home\/?p=9080"},"modified":"2022-03-19T07:38:49","modified_gmt":"2022-03-19T06:38:49","slug":"lektuereprojekt-der-klasse-8a","status":"publish","type":"post","link":"https:\/\/home.graf-rasso-gymnasium.de\/home\/2018\/01\/lektuereprojekt-der-klasse-8a\/","title":{"rendered":"Lekt\u00fcreprojekt der Klasse 8a"},"content":{"rendered":"\n<p>Im November durften wir uns in Deutsch aus der Sch\u00fclerlesebibliothek ein Buch ausw\u00e4hlen, das wir teils im Unterricht, teils zu Hause lesen sollten. Im Anschluss daran \u00fcberlegten wir uns in unserer Gruppe, wie wir den Inhalt des Buches f\u00fcr unsere Mitsch\u00fcler kreativ verarbeiten k\u00f6nnten. An diesen Projekten arbeiteten wir dann gemeinsam.<\/p>\n\n\n\n<p>Dabei entstanden einige sehr interessante Ergebnisse, die nach den Weihnachtsferien in der Klasse vorgestellt wurden.<\/p>\n\n\n\n<ul class=\"wp-block-list\"><li>Maria, Miriam, Julia und Josi hatten den Inhalt des Buches \u201eGirl on the train\u201c von Paula Hawkins mit Playmobil nachgestellt und diese Szenen fotografiert.\n<p><\/p><\/li><\/ul>\n\n\n\n<figure class=\"wp-block-image size-full\"><img loading=\"lazy\" decoding=\"async\" width=\"667\" height=\"375\" src=\"https:\/\/home.graf-rasso-gymnasium.de\/home\/files\/2021-22\/lekture_girl_on_the_train.gif\" alt=\"\" class=\"wp-image-13953\"\/><\/figure>\n\n\n\n<li>Marie, Theresa, Pauline, Alessandra und Gloria zeigten ihren Mitsch\u00fclern mit einer selbstgedrehten Szene, unter welchen Krebskrankheiten die Personen aus dem Roman \u201eDas Schicksal ist ein mieser Verr\u00e4ter\u201c von John Green litten.<\/li>\n\n\n\n<li>Lea, Marina, Vivien, Hannah und Hana erkl\u00e4rten der Klasse die einzelnen Fraktionen, die in dem Roman \u201eDie Bestimmung\u201c von Veronica Roth eine wichtige Rolle spielen und zeigten danach einen Kurzfilm, in dem sie eine Talkshow nachgestellt hatten.<\/li>\n\n\n\n<li>Philipp, Leo, Benjamin und Elias hatten sich mit dem anspruchsvollen und umfangreichen Roman \u201eDer Schwarm\u201c von Frank Sch\u00e4tzing besch\u00e4ftigt und die wichtigsten Informationen zu Inhalt, Autor und den fiktiven Organismen Yrr in einer Zeitung zusammengefasst.<\/li>\n\n\n\n<li>Debo, Hannah, Mareen, Miriam und Madeleine zeigten uns einen selbstgedrehten Trailer zu dem Buch \u201eElanus\u201c von Ursula Poznanski.<\/li>\n\n\n\n<li>Die letzte Gruppe hatte den Inhalt des Romans \u201eDie Tribute von Panem\u201c von Suzanne Collins mit Legofiguren nachgestellt und fasste ihn f\u00fcr uns mit Hilfe der Fotos zusammen.\n<p><\/p><\/li>\n\n\n\n<figure class=\"wp-block-image size-full\"><img loading=\"lazy\" decoding=\"async\" width=\"700\" height=\"467\" src=\"https:\/\/home.graf-rasso-gymnasium.de\/home\/files\/2021-22\/lekture_tribute_panem.gif\" alt=\"\" class=\"wp-image-13954\"\/><\/figure>\n\n\n\n<p>Das Literaturprojekt hat uns allen viel Spa\u00df gemacht und wir waren stolz, dass unsere Ergebnisse von unseren Mitsch\u00fclern mit gro\u00dfem Applaus belohnt wurden.<\/p>\n","protected":false},"excerpt":{"rendered":"<p>Im November durften wir uns in Deutsch aus der Sch\u00fclerlesebibliothek ein Buch ausw\u00e4hlen, das wir teils im Unterricht, teils zu Hause lesen sollten. Im Anschluss daran \u00fcberlegten wir uns in unserer Gruppe, wie wir den Inhalt des Buches f\u00fcr unsere Mitsch\u00fcler kreativ verarbeiten k\u00f6nnten. An diesen Projekten arbeiteten wir dann gemeinsam. Dabei entstanden einige sehr [&hellip;]<\/p>\n","protected":false},"author":2,"featured_media":9099,"comment_status":"closed","ping_status":"closed","sticky":false,"template":"","format":"standard","meta":{"footnotes":""},"categories":[29,60,223],"tags":[193],"class_list":["post-9080","post","type-post","status-publish","format-standard","has-post-thumbnail","hentry","category-deutsch-aus-dem-unterricht","category-deutsch-lesefoerderung","category-2017-2018","tag-deutsch"],"_links":{"self":[{"href":"https:\/\/home.graf-rasso-gymnasium.de\/home\/wp-json\/wp\/v2\/posts\/9080","targetHints":{"allow":["GET"]}}],"collection":[{"href":"https:\/\/home.graf-rasso-gymnasium.de\/home\/wp-json\/wp\/v2\/posts"}],"about":[{"href":"https:\/\/home.graf-rasso-gymnasium.de\/home\/wp-json\/wp\/v2\/types\/post"}],"author":[{"embeddable":true,"href":"https:\/\/home.graf-rasso-gymnasium.de\/home\/wp-json\/wp\/v2\/users\/2"}],"replies":[{"embeddable":true,"href":"https:\/\/home.graf-rasso-gymnasium.de\/home\/wp-json\/wp\/v2\/comments?post=9080"}],"version-history":[{"count":10,"href":"https:\/\/home.graf-rasso-gymnasium.de\/home\/wp-json\/wp\/v2\/posts\/9080\/revisions"}],"predecessor-version":[{"id":13955,"href":"https:\/\/home.graf-rasso-gymnasium.de\/home\/wp-json\/wp\/v2\/posts\/9080\/revisions\/13955"}],"wp:featuredmedia":[{"embeddable":true,"href":"https:\/\/home.graf-rasso-gymnasium.de\/home\/wp-json\/wp\/v2\/media\/9099"}],"wp:attachment":[{"href":"https:\/\/home.graf-rasso-gymnasium.de\/home\/wp-json\/wp\/v2\/media?parent=9080"}],"wp:term":[{"taxonomy":"category","embeddable":true,"href":"https:\/\/home.graf-rasso-gymnasium.de\/home\/wp-json\/wp\/v2\/categories?post=9080"},{"taxonomy":"post_tag","embeddable":true,"href":"https:\/\/home.graf-rasso-gymnasium.de\/home\/wp-json\/wp\/v2\/tags?post=9080"}],"curies":[{"name":"wp","href":"https:\/\/api.w.org\/{rel}","templated":true}]}}