{"id":9559,"date":"2018-03-09T13:19:57","date_gmt":"2018-03-09T12:19:57","guid":{"rendered":"https:\/\/home.graf-rasso-gymnasium.de\/home\/?p=9559"},"modified":"2018-09-10T08:50:37","modified_gmt":"2018-09-10T06:50:37","slug":"2-poetry-slam-am-grg","status":"publish","type":"post","link":"https:\/\/home.graf-rasso-gymnasium.de\/home\/2018\/03\/2-poetry-slam-am-grg\/","title":{"rendered":"2. Poetry Slam am GRG"},"content":{"rendered":"<p>Den Abschluss der Kulturwoche am GRG bildete am vergangenen Montag der 2. Rasso-Poetry-Slam, bei dem dieses Mal junge Poeten aus allen Jahrgangsstufen aufgefordert waren, die B\u00fchne zu st\u00fcrmen und ihre Texte dem Publikum zu pr\u00e4sentieren. Und so fanden sich dann auch acht Slammer aus den Jahrgangsstufen 6 bis 11 und ein Team aus zwei mittlerweile b\u00fchnenerfahrenen 12.Kl\u00e4sslern, die das Publikum mit komischen, spannenden und auch nachdenklichen Texten unterhielten. Umrahmt wurden die Auftritte von zwei Special Guests \u2013 Anna Ruf, der Gewinnerin des 1. Rasso-Poetry-Slams, und Lisa, einer erfahrenen Slammerin vom Viscardi-Gymnasium.<\/p>\n<p>Am Ende des Abends entschied dann wieder  das Publikum, wer sich an diesem Abend die Krone verdient hatte. Zur Siegerin wurde Greta Kinder aus der Q11 gek\u00fcrt, die mit ihrem Text \u00fcber das Leben nach dem Auslandsaufenthalt alle Zuh\u00f6rer ber\u00fchrte. Aber nat\u00fcrlich gilt auch beim Rasso-Slam das olympische Motto \u201eDabeisein ist alles\u201c! <\/p>\n","protected":false},"excerpt":{"rendered":"<p>Den Abschluss der Kulturwoche am GRG bildete am vergangenen Montag der 2. Rasso-Poetry-Slam, bei dem dieses Mal junge Poeten aus allen Jahrgangsstufen aufgefordert waren, die B\u00fchne zu st\u00fcrmen und ihre Texte dem Publikum zu pr\u00e4sentieren. Und so fanden sich dann auch acht Slammer aus den Jahrgangsstufen 6 bis 11 und ein Team aus zwei mittlerweile [&hellip;]<\/p>\n","protected":false},"author":2,"featured_media":0,"comment_status":"closed","ping_status":"closed","sticky":false,"template":"","format":"standard","meta":{"footnotes":""},"categories":[223],"tags":[170],"class_list":["post-9559","post","type-post","status-publish","format-standard","hentry","category-2017-2018","tag-seminare"],"_links":{"self":[{"href":"https:\/\/home.graf-rasso-gymnasium.de\/home\/wp-json\/wp\/v2\/posts\/9559","targetHints":{"allow":["GET"]}}],"collection":[{"href":"https:\/\/home.graf-rasso-gymnasium.de\/home\/wp-json\/wp\/v2\/posts"}],"about":[{"href":"https:\/\/home.graf-rasso-gymnasium.de\/home\/wp-json\/wp\/v2\/types\/post"}],"author":[{"embeddable":true,"href":"https:\/\/home.graf-rasso-gymnasium.de\/home\/wp-json\/wp\/v2\/users\/2"}],"replies":[{"embeddable":true,"href":"https:\/\/home.graf-rasso-gymnasium.de\/home\/wp-json\/wp\/v2\/comments?post=9559"}],"version-history":[{"count":1,"href":"https:\/\/home.graf-rasso-gymnasium.de\/home\/wp-json\/wp\/v2\/posts\/9559\/revisions"}],"predecessor-version":[{"id":9560,"href":"https:\/\/home.graf-rasso-gymnasium.de\/home\/wp-json\/wp\/v2\/posts\/9559\/revisions\/9560"}],"wp:attachment":[{"href":"https:\/\/home.graf-rasso-gymnasium.de\/home\/wp-json\/wp\/v2\/media?parent=9559"}],"wp:term":[{"taxonomy":"category","embeddable":true,"href":"https:\/\/home.graf-rasso-gymnasium.de\/home\/wp-json\/wp\/v2\/categories?post=9559"},{"taxonomy":"post_tag","embeddable":true,"href":"https:\/\/home.graf-rasso-gymnasium.de\/home\/wp-json\/wp\/v2\/tags?post=9559"}],"curies":[{"name":"wp","href":"https:\/\/api.w.org\/{rel}","templated":true}]}}