{"id":975,"date":"2011-08-04T10:36:05","date_gmt":"2011-08-04T08:36:05","guid":{"rendered":"https:\/\/home.graf-rasso-gymnasium.de\/home\/nachlese-zum-sommerfest-2011\/"},"modified":"2014-07-29T07:35:09","modified_gmt":"2014-07-29T06:35:09","slug":"nachlese-zum-sommerfest-2011","status":"publish","type":"post","link":"https:\/\/home.graf-rasso-gymnasium.de\/home\/2011\/08\/nachlese-zum-sommerfest-2011\/","title":{"rendered":"Nachlese zum Sommerfest 2011"},"content":{"rendered":"<p><center><br \/>\n<img loading=\"lazy\" decoding=\"async\" alt=\"danke_helfer\" src=\"https:\/\/home.graf-rasso-gymnasium.de\/home\/files\/2011\/08\/danke_helfer.jpg\" width=\"480\" height=\"326\" \/><\/p>\n<p>Ohne die Hilfe der Sch\u00fcler, Eltern und Lehrer w\u00e4re so ein Sommerfest gar nicht m\u00f6glich.<\/p>\n<p><img loading=\"lazy\" decoding=\"async\" alt=\"DSC_0693\" src=\"https:\/\/home.graf-rasso-gymnasium.de\/home\/files\/2011\/08\/DSC_0693.jpg\" width=\"480\" height=\"304\" \/><\/p>\n<p>Der Stand der Logo AG zog viele Besucher an.<\/p>\n<p><img loading=\"lazy\" decoding=\"async\" alt=\"DSC_0735\" src=\"https:\/\/home.graf-rasso-gymnasium.de\/home\/files\/2011\/08\/DSC_0735.jpg\" width=\"480\" height=\"265\" \/><\/p>\n<p>Die Pizzas waren ein riesiger Erfolg.<\/p>\n<p><img loading=\"lazy\" decoding=\"async\" alt=\"DSC_0743\" src=\"https:\/\/home.graf-rasso-gymnasium.de\/home\/files\/2011\/08\/DSC_0743.jpg\" width=\"480\" height=\"279\" \/><\/p>\n<p>Auch am Stand der Rassoianer gab es viele nette Wiedersehen.<\/p>\n<p><img loading=\"lazy\" decoding=\"async\" alt=\"DSC_0748\" src=\"https:\/\/home.graf-rasso-gymnasium.de\/home\/files\/2011\/08\/DSC_0748.jpg\" width=\"370\" height=\"480\" \/><\/p>\n<p>Es gab die leckersten Kuchen.<\/p>\n<p>&nbsp;<\/p>\n<p><img loading=\"lazy\" decoding=\"async\" alt=\"DSC_0751\" src=\"https:\/\/home.graf-rasso-gymnasium.de\/home\/files\/2011\/08\/DSC_0751.jpg\" width=\"367\" height=\"480\" \/><\/p>\n<p>Und auch jede Menge Salate.<\/p>\n<p><img loading=\"lazy\" decoding=\"async\" alt=\"DSC_0770\" src=\"https:\/\/home.graf-rasso-gymnasium.de\/home\/files\/2011\/08\/DSC_0770.jpg\" width=\"392\" height=\"480\" \/><\/p>\n<p>Auf der H\u00fcpfburg war immer was los.<\/p>\n<p><img loading=\"lazy\" decoding=\"async\" alt=\"DSC_0765\" src=\"https:\/\/home.graf-rasso-gymnasium.de\/home\/files\/2011\/08\/DSC_0765.jpg\" width=\"480\" height=\"313\" \/><\/p>\n<p>Die Oberstufe mischte die leckersten Cocktails.<\/p>\n<p><img loading=\"lazy\" decoding=\"async\" alt=\"DSC_0777\" src=\"https:\/\/home.graf-rasso-gymnasium.de\/home\/files\/2011\/08\/DSC_0777.jpg\" width=\"351\" height=\"480\" \/><\/p>\n<p>Auch f\u00fcr ein Tischtennismatch fand sich immer Zeit.<\/p>\n<p><img loading=\"lazy\" decoding=\"async\" alt=\"DSC_0784\" src=\"https:\/\/home.graf-rasso-gymnasium.de\/home\/files\/2011\/08\/DSC_0784.jpg\" width=\"260\" height=\"480\" \/><\/p>\n<p>Oder man stieg einfach die Wand hinauf.<\/p>\n<p><img loading=\"lazy\" decoding=\"async\" alt=\"DSC_0786\" src=\"https:\/\/home.graf-rasso-gymnasium.de\/home\/files\/2011\/08\/DSC_0786.jpg\" width=\"480\" height=\"366\" \/><\/p>\n<p>Es gab aber auch Zeit f\u00fcr eine gem\u00fctliche Runde.<\/p>\n<p><img loading=\"lazy\" decoding=\"async\" alt=\"DSC_0795\" src=\"https:\/\/home.graf-rasso-gymnasium.de\/home\/files\/2011\/08\/DSC_0795.jpg\" width=\"372\" height=\"480\" \/><\/p>\n<p>Ein Schokoladenfondue ist f\u00fcr alle Alterstufen ein Highlite.<\/p>\n<p><img loading=\"lazy\" decoding=\"async\" alt=\"DSC_0837\" src=\"https:\/\/home.graf-rasso-gymnasium.de\/home\/files\/2011\/08\/DSC_0837.jpg\" width=\"480\" height=\"235\" \/><\/p>\n<p>F\u00fcr Musik war den ganzen Abend gesorgt.<\/p>\n<p><img loading=\"lazy\" decoding=\"async\" alt=\"DSC_0860\" src=\"https:\/\/home.graf-rasso-gymnasium.de\/home\/files\/2011\/08\/DSC_0860.jpg\" width=\"370\" height=\"480\" \/><\/p>\n<p>F\u00fcr jeden Geschmack war etwas dabei.<\/p>\n<p><img loading=\"lazy\" decoding=\"async\" alt=\"DSC_0864-2\" src=\"https:\/\/home.graf-rasso-gymnasium.de\/home\/files\/2011\/08\/DSC_0864-2.jpg\" width=\"480\" height=\"298\" \/><\/p>\n<p>Um 11 Uhr abends wollten viele noch nicht nach Hause.<\/p>\n<p><\/center><br \/>\nWir freuen uns schon auf das n\u00e4chste Sommerfest, und nun w\u00fcnschen wir allen sch\u00f6ne Ferien.<\/p>\n<p>Euer Elternbeirat<\/p>\n","protected":false},"excerpt":{"rendered":"<p>Ohne die Hilfe der Sch\u00fcler, Eltern und Lehrer w\u00e4re so ein Sommerfest gar nicht m\u00f6glich. Der Stand der Logo AG zog viele Besucher an. Die Pizzas waren ein riesiger Erfolg. Auch am Stand der Rassoianer gab es viele nette Wiedersehen. Es gab die leckersten Kuchen. &nbsp; Und auch jede Menge Salate. Auf der H\u00fcpfburg war [&hellip;]<\/p>\n","protected":false},"author":13,"featured_media":960,"comment_status":"closed","ping_status":"closed","sticky":false,"template":"","format":"standard","meta":{"footnotes":""},"categories":[40,155],"tags":[191,164],"class_list":["post-975","post","type-post","status-publish","format-standard","has-post-thumbnail","hentry","category-eb-neuigkeiten","category-2010-2011","tag-elternbeirat","tag-feste-und-feiern"],"_links":{"self":[{"href":"https:\/\/home.graf-rasso-gymnasium.de\/home\/wp-json\/wp\/v2\/posts\/975","targetHints":{"allow":["GET"]}}],"collection":[{"href":"https:\/\/home.graf-rasso-gymnasium.de\/home\/wp-json\/wp\/v2\/posts"}],"about":[{"href":"https:\/\/home.graf-rasso-gymnasium.de\/home\/wp-json\/wp\/v2\/types\/post"}],"author":[{"embeddable":true,"href":"https:\/\/home.graf-rasso-gymnasium.de\/home\/wp-json\/wp\/v2\/users\/13"}],"replies":[{"embeddable":true,"href":"https:\/\/home.graf-rasso-gymnasium.de\/home\/wp-json\/wp\/v2\/comments?post=975"}],"version-history":[{"count":4,"href":"https:\/\/home.graf-rasso-gymnasium.de\/home\/wp-json\/wp\/v2\/posts\/975\/revisions"}],"predecessor-version":[{"id":2497,"href":"https:\/\/home.graf-rasso-gymnasium.de\/home\/wp-json\/wp\/v2\/posts\/975\/revisions\/2497"}],"wp:featuredmedia":[{"embeddable":true,"href":"https:\/\/home.graf-rasso-gymnasium.de\/home\/wp-json\/wp\/v2\/media\/960"}],"wp:attachment":[{"href":"https:\/\/home.graf-rasso-gymnasium.de\/home\/wp-json\/wp\/v2\/media?parent=975"}],"wp:term":[{"taxonomy":"category","embeddable":true,"href":"https:\/\/home.graf-rasso-gymnasium.de\/home\/wp-json\/wp\/v2\/categories?post=975"},{"taxonomy":"post_tag","embeddable":true,"href":"https:\/\/home.graf-rasso-gymnasium.de\/home\/wp-json\/wp\/v2\/tags?post=975"}],"curies":[{"name":"wp","href":"https:\/\/api.w.org\/{rel}","templated":true}]}}