{"id":9960,"date":"2018-07-29T07:53:14","date_gmt":"2018-07-29T05:53:14","guid":{"rendered":"https:\/\/home.graf-rasso-gymnasium.de\/home\/?p=9960"},"modified":"2018-09-10T08:52:09","modified_gmt":"2018-09-10T06:52:09","slug":"oeffnungszeiten-in-den-sommerferien-2018","status":"publish","type":"post","link":"https:\/\/home.graf-rasso-gymnasium.de\/home\/2018\/07\/oeffnungszeiten-in-den-sommerferien-2018\/","title":{"rendered":"\u00d6ffnungszeiten in den Sommerferien 2018"},"content":{"rendered":"<p><img loading=\"lazy\" decoding=\"async\" class=\"alignleft size-full wp-image-3328\" src=\"https:\/\/home.graf-rasso-gymnasium.de\/home\/files\/2010\/08\/huebler2.jpg\" alt=\"huebler2\" width=\"150\" height=\"150\" srcset=\"https:\/\/home.graf-rasso-gymnasium.de\/home\/files\/2010\/08\/huebler2.jpg 250w, https:\/\/home.graf-rasso-gymnasium.de\/home\/files\/2010\/08\/huebler2-150x150.jpg 150w\" sizes=\"auto, (max-width: 150px) 100vw, 150px\" \/>Allen Sch\u00fclern des Graf-Rasso-Gymnasiums und ihren Eltern, den Angestellten und Lehrern unserer Schule w\u00fcnsche ich einen erholsamen und sch\u00f6nen Sommer!<\/p>\n<p>Herzlichst<br \/>\nDoris H\u00fcbler<br \/>\nSchulleiterin<\/p>\n<div style=\"clear: both;\">&nbsp;<\/div>\n<p><strong>Der Parteiverkehr in den Sommerferien ist wie folgt:<\/strong><\/p>\n<ul>\n<li>Mo., 30.07<\/li>\n<li>Di., 31.07.<\/li>\n<li>Mi., 01.08.<\/li>\n<li>Do., 02.08.<\/li>\n<li>Fr., 03.08.<\/li>\n<\/ul>\n<ul>\n<li>Mo., 06.08. (nur telefonisch unter 08141\/6111-0)<\/li>\n<li>Di., 07.08. (nur telefonisch unter 08141\/6111-0)<\/li>\n<li>Mi., 08.08.<\/li>\n<li>Do., 09.08. (nur telefonisch unter 08141\/6111-0)<\/li>\n<li>Fr., 10.08. (nur telefonisch unter 08141\/6111-0)<\/li>\n<\/ul>\n<ul>\n<li>Do., 16.08.<\/li>\n<li>Mi., 22.08.<\/li>\n<li>Mi., 29.08.<\/li>\n<\/ul>\n<ul>\n<li>Mo., 03.09. (nur telefonisch unter 08141\/6111-0)<\/li>\n<li>Di., 04.09. (nur telefonisch unter 08141\/6111-0)<\/li>\n<li>Mi., 05.09.<\/li>\n<li>Do., 06.09.<\/li>\n<li>Fr., 07.09.<\/li>\n<\/ul>\n<ul>\n<li>Mo., 10.09.<\/li>\n<\/ul>\n<p><strong>Immer in der Zeit von 10 Uhr bis 12 Uhr.<\/strong><\/p>\n<p>Email: sekretariat@graf-rasso-gymnasium.de<\/p>\n","protected":false},"excerpt":{"rendered":"<p>Allen Sch\u00fclern des Graf-Rasso-Gymnasiums und ihren Eltern, den Angestellten und Lehrern unserer Schule w\u00fcnsche ich einen erholsamen und sch\u00f6nen Sommer! Herzlichst Doris H\u00fcbler Schulleiterin &nbsp; Der Parteiverkehr in den Sommerferien ist wie folgt: Mo., 30.07 Di., 31.07. Mi., 01.08. Do., 02.08. Fr., 03.08. Mo., 06.08. (nur telefonisch unter 08141\/6111-0) Di., 07.08. (nur telefonisch unter 08141\/6111-0) [&hellip;]<\/p>\n","protected":false},"author":2,"featured_media":3328,"comment_status":"closed","ping_status":"closed","sticky":false,"template":"","format":"standard","meta":{"footnotes":""},"categories":[223],"tags":[],"class_list":["post-9960","post","type-post","status-publish","format-standard","has-post-thumbnail","hentry","category-2017-2018"],"_links":{"self":[{"href":"https:\/\/home.graf-rasso-gymnasium.de\/home\/wp-json\/wp\/v2\/posts\/9960","targetHints":{"allow":["GET"]}}],"collection":[{"href":"https:\/\/home.graf-rasso-gymnasium.de\/home\/wp-json\/wp\/v2\/posts"}],"about":[{"href":"https:\/\/home.graf-rasso-gymnasium.de\/home\/wp-json\/wp\/v2\/types\/post"}],"author":[{"embeddable":true,"href":"https:\/\/home.graf-rasso-gymnasium.de\/home\/wp-json\/wp\/v2\/users\/2"}],"replies":[{"embeddable":true,"href":"https:\/\/home.graf-rasso-gymnasium.de\/home\/wp-json\/wp\/v2\/comments?post=9960"}],"version-history":[{"count":14,"href":"https:\/\/home.graf-rasso-gymnasium.de\/home\/wp-json\/wp\/v2\/posts\/9960\/revisions"}],"predecessor-version":[{"id":9983,"href":"https:\/\/home.graf-rasso-gymnasium.de\/home\/wp-json\/wp\/v2\/posts\/9960\/revisions\/9983"}],"wp:featuredmedia":[{"embeddable":true,"href":"https:\/\/home.graf-rasso-gymnasium.de\/home\/wp-json\/wp\/v2\/media\/3328"}],"wp:attachment":[{"href":"https:\/\/home.graf-rasso-gymnasium.de\/home\/wp-json\/wp\/v2\/media?parent=9960"}],"wp:term":[{"taxonomy":"category","embeddable":true,"href":"https:\/\/home.graf-rasso-gymnasium.de\/home\/wp-json\/wp\/v2\/categories?post=9960"},{"taxonomy":"post_tag","embeddable":true,"href":"https:\/\/home.graf-rasso-gymnasium.de\/home\/wp-json\/wp\/v2\/tags?post=9960"}],"curies":[{"name":"wp","href":"https:\/\/api.w.org\/{rel}","templated":true}]}}